{"id":181915,"date":"2025-06-16T22:40:17","date_gmt":"2025-06-16T22:40:17","guid":{"rendered":"https:\/\/www.europesays.com\/fr\/181915\/"},"modified":"2025-06-16T22:40:17","modified_gmt":"2025-06-16T22:40:17","slug":"ferrari-f1-les-revelations-cash-de-lewis-hamilton-apres-le-grand-prix-du-canada","status":"publish","type":"post","link":"https:\/\/www.europesays.com\/fr\/181915\/","title":{"rendered":"Ferrari F1 : les r\u00e9v\u00e9lations \u00ab\u00a0cash\u00a0\u00bb de Lewis Hamilton apr\u00e8s le Grand Prix du Canada"},"content":{"rendered":"<p><img loading=\"lazy\" decoding=\"async\" width=\"1200\" height=\"800\" src=\"https:\/\/www.europesays.com\/fr\/wp-content\/uploads\/2025\/06\/lewis-hamilton-ferrari.jpg\" alt=\"\" class=\"wp-image-38811\"  \/><\/p>\n<p>Sixi\u00e8me \u00e0 l\u2019arriv\u00e9e du Grand Prix du Canada de <a href=\"https:\/\/www.italpassion.fr\/competition\/formule-1\/\" target=\"_blank\" rel=\"noopener\">F1<\/a>, <a href=\"https:\/\/www.italpassion.fr\/tag\/lewis-hamilton\/\" target=\"_blank\" rel=\"noopener\">Lewis Hamilton<\/a> a livr\u00e9 un week-end frustrant, marqu\u00e9 par une course anonyme, un contact improbable avec un castor, et surtout\u2026 un discours sans filtre devant les cam\u00e9ras de \u00ab\u00a0Sky Sports F1\u00a0\u00bb. Depuis son arriv\u00e9e chez Ferrari, jamais le septuple champion du monde n\u2019avait \u00e9t\u00e9 aussi direct sur la situation interne de la <a href=\"https:\/\/www.italpassion.fr\/tag\/scuderia-ferrari\/\" target=\"_blank\" rel=\"noopener\">Scuderia<\/a>.<\/p>\n<p>Une course sans \u00e9clat, des questions en rafale<\/p>\n<p>Dans une \u00e9preuve domin\u00e9e par Mercedes, avec la victoire de George Russell et le premier podium de la jeune r\u00e9v\u00e9lation Andrea Kimi Antonelli, Ferrari a de nouveau d\u00e9\u00e7u. <strong>Cinqui\u00e8me pour Charles Leclerc, sixi\u00e8me pour Lewis Hamilton, les monoplaces rouges n\u2019ont jamais \u00e9t\u00e9 en mesure de jouer le podium, ni m\u00eame d\u2019inqui\u00e9ter les McLaren ou Red Bull sur la dur\u00e9e.<\/strong><\/p>\n<p>Au micro des journalistes apr\u00e8s la course, Hamilton n\u2019a pas m\u00e2ch\u00e9 ses mots. \u00ab\u00a0Demandez-vous \u00e0 l\u2019\u00e9quipe d\u2019apporter des am\u00e9liorations ? Bien s\u00fbr que je le demande. Nous avons vu d\u2019autres personnes le faire. Je ne sais pas pourquoi nous, non.\u00a0\u00bb Une d\u00e9claration qui sonne comme un appel d\u2019urgence lanc\u00e9 depuis l\u2019int\u00e9rieur m\u00eame de Maranello.<\/p>\n<p>\u00ab\u00a0Je ne peux pas tout vous dire\u00a0\u00bb<\/p>\n<p>\u00c0 demi-mot, Hamilton a \u00e9galement laiss\u00e9 entendre que des tensions internes existent chez Ferrari. \u00ab\u00a0Il se passe beaucoup de choses en arri\u00e8re-plan. Je ne peux pas en dire plus. Il y a tellement de choses que j\u2019aimerais pouvoir vous expliquer.\u00a0\u00bb Le Britannique \u00e9voque ici des probl\u00e8mes structurels, peut-\u00eatre organisationnels, dans une \u00e9quipe qui semble \u00e0 nouveau manquer de r\u00e9activit\u00e9 et de vision, malgr\u00e9 des moyens colossaux.<\/p>\n<p><strong>L\u2019ancien pilote Mercedes semble chercher \u00e0 peser sur la refondation de la Scuderia. <\/strong>\u00ab\u00a0Mon objectif est d\u2019influencer positivement le changement et d\u2019obtenir un succ\u00e8s \u00e0 long terme. Il y a beaucoup de changements \u00e0 faire.\u00a0\u00bb<\/p>\n<p>Une saison d\u00e9j\u00e0 sacrifi\u00e9e ?<\/p>\n<p>Avec d\u00e9j\u00e0 plus de 100 points de retard sur les leaders du championnat, Hamilton ne se fait plus d\u2019illusion sur ses chances cette saison. \u00ab\u00a0Pour ma part, j\u2019ai besoin de construire quelques fondations parce que nous ne sommes clairement pas en lutte pour le championnat.\u00a0\u00bb D\u00e9termin\u00e9 \u00e0 reb\u00e2tir Ferrari, il semble d\u00e9sormais tourn\u00e9 vers 2026, ann\u00e9e cl\u00e9 de l\u2019entr\u00e9e en vigueur du nouveau r\u00e8glement moteur, et vers 2025, qu\u2019il voit comme une saison de transition.<\/p>\n<p>\u00ab\u00a0Je veux m\u2019assurer que la voiture de l\u2019ann\u00e9e prochaine sera bien meilleure, d\u00e8s la premi\u00e8re course.\u00a0\u00bb Un message clair \u00e0 l\u2019adresse de Fr\u00e9d\u00e9ric Vasseur et des ing\u00e9nieurs de Maranello : plus question de commencer une saison en retard sur les rivaux directs.<\/p>\n<p>Les paroles de Hamilton contrastent avec le mutisme habituel de Charles Leclerc, pourtant lui aussi frustr\u00e9 par la strat\u00e9gie adopt\u00e9e \u00e0 Montr\u00e9al. Le Mon\u00e9gasque s\u2019est interrog\u00e9 \u00e0 la radio sur le fameux \u00ab\u00a0Plan B\u00a0\u00bb impos\u00e9 par son \u00e9quipe sans son aval : \u00ab\u00a0Pourquoi nous sommes-nous arr\u00eat\u00e9s ? Mes pneus allaient bien.\u00a0\u00bb Une Ferrari visiblement en manque de clart\u00e9 dans la prise de d\u00e9cision, ce qui n\u2019est pas sans rappeler les errements de 2022 et 2023.<\/p>\n<p>Hamilton se positionne comme leader<\/p>\n<p><strong>Plus que jamais, Lewis Hamilton prend son r\u00f4le de leader \u00e0 c\u0153ur chez Ferrari. <\/strong>Mais ses paroles post-Canada marquent l\u2019impatience. En pleine p\u00e9riode de reconstruction, la Scuderia devra prouver tr\u00e8s vite qu\u2019elle sait \u00e9couter son pilote star. Car si Hamilton s\u2019implique \u00e0 fond dans la transformation de l\u2019\u00e9quipe, il n\u2019h\u00e9sitera plus \u00e0 alerter publiquement sur ce qui ne va pas.<\/p>\n","protected":false},"excerpt":{"rendered":"Sixi\u00e8me \u00e0 l\u2019arriv\u00e9e du Grand Prix du Canada de F1, Lewis Hamilton a livr\u00e9 un week-end frustrant, marqu\u00e9&hellip;\n","protected":false},"author":2,"featured_media":181916,"comment_status":"","ping_status":"","sticky":false,"template":"","format":"standard","meta":{"footnotes":""},"categories":[1412],"tags":[1451,1452,1453,1454,1455,1011,27,1975,3504,60],"class_list":{"0":"post-181915","1":"post","2":"type-post","3":"status-publish","4":"format-standard","5":"has-post-thumbnail","7":"category-f1","8":"tag-f1","9":"tag-formula-1","10":"tag-formula1","11":"tag-formule-1","12":"tag-formule1","13":"tag-fr","14":"tag-france","15":"tag-lewis-hamilton","16":"tag-scuderia-ferrari","17":"tag-sports"},"share_on_mastodon":{"url":"https:\/\/pubeurope.com\/@fr\/114695453033880788","error":""},"_links":{"self":[{"href":"https:\/\/www.europesays.com\/fr\/wp-json\/wp\/v2\/posts\/181915","targetHints":{"allow":["GET"]}}],"collection":[{"href":"https:\/\/www.europesays.com\/fr\/wp-json\/wp\/v2\/posts"}],"about":[{"href":"https:\/\/www.europesays.com\/fr\/wp-json\/wp\/v2\/types\/post"}],"author":[{"embeddable":true,"href":"https:\/\/www.europesays.com\/fr\/wp-json\/wp\/v2\/users\/2"}],"replies":[{"embeddable":true,"href":"https:\/\/www.europesays.com\/fr\/wp-json\/wp\/v2\/comments?post=181915"}],"version-history":[{"count":0,"href":"https:\/\/www.europesays.com\/fr\/wp-json\/wp\/v2\/posts\/181915\/revisions"}],"wp:featuredmedia":[{"embeddable":true,"href":"https:\/\/www.europesays.com\/fr\/wp-json\/wp\/v2\/media\/181916"}],"wp:attachment":[{"href":"https:\/\/www.europesays.com\/fr\/wp-json\/wp\/v2\/media?parent=181915"}],"wp:term":[{"taxonomy":"category","embeddable":true,"href":"https:\/\/www.europesays.com\/fr\/wp-json\/wp\/v2\/categories?post=181915"},{"taxonomy":"post_tag","embeddable":true,"href":"https:\/\/www.europesays.com\/fr\/wp-json\/wp\/v2\/tags?post=181915"}],"curies":[{"name":"wp","href":"https:\/\/api.w.org\/{rel}","templated":true}]}}