{"id":181917,"date":"2025-06-16T22:41:22","date_gmt":"2025-06-16T22:41:22","guid":{"rendered":"https:\/\/www.europesays.com\/fr\/181917\/"},"modified":"2025-06-16T22:41:22","modified_gmt":"2025-06-16T22:41:22","slug":"cyclisme-tour-de-suisse-fabio-christen-javais-les-jambes-pour-gagner","status":"publish","type":"post","link":"https:\/\/www.europesays.com\/fr\/181917\/","title":{"rendered":"Cyclisme. Tour de Suisse &#8211; Fabio Christen : \u00abJ&rsquo;avais les jambes pour gagner&#8230;\u00bb"},"content":{"rendered":"<p>2e de la seconde \u00e9tape du <strong>Tour de Suisse<\/strong>, <strong><a href=\"https:\/\/www.cyclismactu.net\/..\/news-tour-de-slovenie-route-fabio-christen-oliveira-m-a-touche-et-empeche-de-sprinter-88228.html\" target=\"_blank\" rel=\"noopener\">Fabio Christen<\/a> <\/strong>(Q36.5 Pro Cycling Team)\u00a0n&rsquo;est pas pass\u00e9 loin d&rsquo;un premier succ\u00e8s en WorldTour. Le jeune Suisse a parfaitement bondi sur l&rsquo;acc\u00e9l\u00e9ration de <strong>Quinn Simmons <\/strong>(Lidl-Trek) dans le final, mais a \u00e9t\u00e9 battu dans un sprint en faut plat descendant par <strong><a href=\"https:\/\/www.cyclismactu.net\/..\/news-tour-de-slovenie-route-fabio-christen-oliveira-m-a-touche-et-empeche-de-sprinter-88228.html\" target=\"_blank\" rel=\"noopener\">Vincenzo Albanese<\/a> <\/strong>(EF Education-EasyPost). R\u00e9cemment vainqueur d&rsquo;une \u00e9tape du <strong>Tour de Slov\u00e9nie<\/strong>, le puncheur de l&rsquo;\u00e9quipe\u00a0<strong>Q36.5 Pro Cycling Team <\/strong>n&rsquo;ajoutera pas un nouveau succ\u00e8s de prestige, qui plus est sur son tour national.<\/p>\n<p>Vid\u00e9o &#8211; Le r\u00e9sum\u00e9 de cette 2e \u00e9tape du Tour de Suisse Lire la suite de l&rsquo;article&#13;<\/p>\n<p>\u00a0<\/p>\n<p>&#13;<br \/>\n\u00ab\u00a0Tout a presque bien fonctionn\u00e9\u00a0\u00bb&#13;<\/p>\n<p>T\u00e9moin de l&rsquo;attaque de son fr\u00e8re, <strong>Jan Christen <\/strong>(UAE Team Emirates), dans le final, <strong>Fabio Christen <\/strong>a fait le choix d&rsquo;attendre le sprint, sur une arriv\u00e9e qu&rsquo;il avait reconnue et coch\u00e9e :\u00a0\u00ab\u00a0Nous savions que le sprint allait \u00eatre difficile, j&rsquo;ai fait la reconnaissance de l&rsquo;\u00e9tape en entier il y a un mois donc j&rsquo;avais d\u00e9j\u00e0 cette \u00e9tape en t\u00eate. Evidemment j&rsquo;avais les jambes pour gagner mais j&rsquo;\u00e9tais un peu court, c&rsquo;est assez ennuyant&#8230; Je pense que j&rsquo;ai lanc\u00e9 au bon moment mais le gars de la EF a \u00e9videmment pris le chemin le plus court, j&rsquo;\u00e9tais un peu bloqu\u00e9. J&rsquo;ai fait la reco tout seul mais je savais qu&rsquo;il y aurait des attaques, probablement de la part de mon fr\u00e8re, j&rsquo;\u00e9tais pas s\u00fbr de s&rsquo;il allait le faire ou pas mais je savais d\u00e9j\u00e0 que \u00e7a ne marcherait pas, il fallait que j&rsquo;attende et \u00e0 la fin, tout a presque bien fonctionn\u00e9\u00a0\u00bb.<\/p>\n<p>Tour de Suisse &#8211; Classement de la 2\u00e8 \u00e9tape Tour de Suisse &#8211; Classement g\u00e9n\u00e9ral provisoire apr\u00e8s la 2\u00e8 \u00e9tape<\/p>\n","protected":false},"excerpt":{"rendered":"2e de la seconde \u00e9tape du Tour de Suisse, Fabio Christen (Q36.5 Pro Cycling Team)\u00a0n&rsquo;est pas pass\u00e9 loin&hellip;\n","protected":false},"author":2,"featured_media":181918,"comment_status":"","ping_status":"","sticky":false,"template":"","format":"standard","meta":{"footnotes":""},"categories":[1411],"tags":[1154,207,211,1011,27,209,60,210,2454,212,208,213],"class_list":{"0":"post-181917","1":"post","2":"type-post","3":"status-publish","4":"format-standard","5":"has-post-thumbnail","7":"category-cyclisme","8":"tag-cycling","9":"tag-cyclisme","10":"tag-ffc","11":"tag-fr","12":"tag-france","13":"tag-route","14":"tag-sports","15":"tag-tour-de-france","16":"tag-tour-de-suisse","17":"tag-uci","18":"tag-velo","19":"tag-world-tour"},"share_on_mastodon":{"url":"https:\/\/pubeurope.com\/@fr\/114695456895950829","error":""},"_links":{"self":[{"href":"https:\/\/www.europesays.com\/fr\/wp-json\/wp\/v2\/posts\/181917","targetHints":{"allow":["GET"]}}],"collection":[{"href":"https:\/\/www.europesays.com\/fr\/wp-json\/wp\/v2\/posts"}],"about":[{"href":"https:\/\/www.europesays.com\/fr\/wp-json\/wp\/v2\/types\/post"}],"author":[{"embeddable":true,"href":"https:\/\/www.europesays.com\/fr\/wp-json\/wp\/v2\/users\/2"}],"replies":[{"embeddable":true,"href":"https:\/\/www.europesays.com\/fr\/wp-json\/wp\/v2\/comments?post=181917"}],"version-history":[{"count":0,"href":"https:\/\/www.europesays.com\/fr\/wp-json\/wp\/v2\/posts\/181917\/revisions"}],"wp:featuredmedia":[{"embeddable":true,"href":"https:\/\/www.europesays.com\/fr\/wp-json\/wp\/v2\/media\/181918"}],"wp:attachment":[{"href":"https:\/\/www.europesays.com\/fr\/wp-json\/wp\/v2\/media?parent=181917"}],"wp:term":[{"taxonomy":"category","embeddable":true,"href":"https:\/\/www.europesays.com\/fr\/wp-json\/wp\/v2\/categories?post=181917"},{"taxonomy":"post_tag","embeddable":true,"href":"https:\/\/www.europesays.com\/fr\/wp-json\/wp\/v2\/tags?post=181917"}],"curies":[{"name":"wp","href":"https:\/\/api.w.org\/{rel}","templated":true}]}}