{"id":181922,"date":"2025-06-16T22:44:09","date_gmt":"2025-06-16T22:44:09","guid":{"rendered":"https:\/\/www.europesays.com\/fr\/181922\/"},"modified":"2025-06-16T22:44:09","modified_gmt":"2025-06-16T22:44:09","slug":"le-louvre-ferme-apres-une-greve-spontanee-denoncant-les-sous-effectifs-et-une-frequentation-excessive-liberation","status":"publish","type":"post","link":"https:\/\/www.europesays.com\/fr\/181922\/","title":{"rendered":"Le Louvre ferm\u00e9 apr\u00e8s une gr\u00e8ve spontan\u00e9e d\u00e9non\u00e7ant les sous-effectifs et une fr\u00e9quentation excessive \u2013 Lib\u00e9ration"},"content":{"rendered":"<p class=\"sc-ksZaOG ehjQrN text-element\">Le mus\u00e9e le plus visit\u00e9 au monde n\u2019a pas r\u00e9sist\u00e9 \u00e0 <a href=\"https:\/\/www.liberation.fr\/idees-et-debats\/aude-vidal-le-voyage-est-une-colonisation-des-lieux-20240825_XYBJKJULIFGN3KX24XTUBYQCDY\/\" target=\"_blank\" rel=\"noreferrer nofollow noopener\" title=\"https:\/\/www.liberation.fr\/idees-et-debats\/aude-vidal-le-voyage-est-une-colonisation-des-lieux-20240825_XYBJKJULIFGN3KX24XTUBYQCDY\/\">la vague du surtourisme.<\/a> Comme le raconte Associated Press, le Louvre a \u00e9t\u00e9 le th\u00e9\u00e2tre d\u2019une gr\u00e8ve spontan\u00e9e, lundi 16 juin, laissant des milliers de visiteurs sur le carreau, ticket en main mais priv\u00e9s de d\u00e9ambulation. Un mouvement qui fait \u00e9cho aux protestations n\u00e9es ces derniers jours dans des villes du sud de l\u2019Europe, d\u00e9cid\u00e9 lors d\u2019une r\u00e9union interne, quand les personnels du mus\u00e9e ont refus\u00e9 de reprendre leur poste.<\/p>\n<p class=\"sc-ksZaOG ehjQrN text-element\">\u00abCe qui devait \u00eatre une r\u00e9union d\u2019information mensuelle s\u2019est transform\u00e9 en une grande manifestation d\u2019exasp\u00e9ration\u00bb, explique \u00e0 l\u2019agence am\u00e9ricaine Sarah Sefian, une agente d\u2019accueil et de m\u00e9diation culturelle. Foules ing\u00e9rables, sous-effectifs chroniques et conditions de travail \u00abintenables\u00bb : guichetiers, personnels d\u2019accueil et de s\u00e9curit\u00e9 d\u00e9noncent collectivement une surpopulation dans les murs de l\u2019enceinte, dont la jauge maximale s\u2019\u00e9tablit \u00e0 30 000 personnes par jour, pour 8,7 millions de visiteurs par an, plus du double de ce que le mus\u00e9e devrait supporter, comme le reconna\u00eet <a href=\"https:\/\/www.liberation.fr\/culture\/arts\/batiments-degrades-niveau-dobsolescence-inquietant-le-louvre-est-dans-un-sale-etat-estime-sa-presidente-20250122_G6NDLTO33ZFVRFEYI5DVHQOR3M\/\" target=\"_blank\" rel=\"noreferrer nofollow noopener\" title=\"https:\/\/www.liberation.fr\/culture\/arts\/batiments-degrades-niveau-dobsolescence-inquietant-le-louvre-est-dans-un-sale-etat-estime-sa-presidente-20250122_G6NDLTO33ZFVRFEYI5DVHQOR3M\/\">sa pr\u00e9sidente Laurence des Cars.<\/a><\/p>\n<p class=\"sc-ksZaOG ehjQrN text-element\">Cette surfr\u00e9quentation est d\u2019autant plus probl\u00e9matique que le Louvre souffre de v\u00e9tust\u00e9, d\u2019obsolescence et de d\u00e9gradations, <a href=\"https:\/\/www.leparisien.fr\/culture-loisirs\/avaries-degradations-saturation-le-rapport-confidentiel-qui-alerte-sur-letat-du-musee-du-louvre-22-01-2025-VHQGISLZM5D4ZBALW3KURS44VI.php\" target=\"_blank\" rel=\"noreferrer nofollow noopener\" title=\"https:\/\/www.leparisien.fr\/culture-loisirs\/avaries-degradations-saturation-le-rapport-confidentiel-qui-alerte-sur-letat-du-musee-du-louvre-22-01-2025-VHQGISLZM5D4ZBALW3KURS44VI.php\">confiait la responsable au Parisien en janvier dernier.<\/a> Le pr\u00e9sident Macron a bien propos\u00e9 en janvier un plan d\u00e9cennal pour colmater les nombreuses fuites constat\u00e9es, mais l\u2019ensemble para\u00eet trop long-termiste aux salari\u00e9s. \u00abOn ne peut pas attendre six ans pour avoir de l\u2019aide\u00bb, poursuit aupr\u00e8s d\u2019AP Sarah Sefian, inqui\u00e8te de voir des \u00e9quipes \u00absous pression. [\u2026] Ce n\u2019est pas juste une question d\u2019art, c\u2019est une question de personnes qui le prot\u00e8gent.\u00bb<\/p>\n<p class=\"sc-ksZaOG ehjQrN text-element\">Qui plus est, les objectifs du plan pr\u00e9sidentiel, situ\u00e9 dans une fourchette de 700 \u00e0 800 millions d\u2019euros, font pschitt aupr\u00e8s des personnels. Concr\u00e9tis\u00e9 par la mise \u00e0 disposition d\u2019une salle pour la seule Joconde, entraper\u00e7ue chaque jour par 20 000 personnes, et la cr\u00e9ation d\u2019une entr\u00e9e suppl\u00e9mentaire c\u00f4t\u00e9 Seine, il ressemble \u00e0 un suppl\u00e9ment de travail pour les salari\u00e9s, accompagn\u00e9 d\u2019une baisse des subventions annuelles de fonctionnement. \u00abOn le prend tr\u00e8s mal que le Pr\u00e9sident fasse ses discours dans notre mus\u00e9e, d\u00e9plore Sarah Sefian. Quand on gratte un peu, l\u2019investissement de l\u2019Etat se d\u00e9grade chaque ann\u00e9e.\u00bb<\/p>\n","protected":false},"excerpt":{"rendered":"Le mus\u00e9e le plus visit\u00e9 au monde n\u2019a pas r\u00e9sist\u00e9 \u00e0 la vague du surtourisme. Comme le raconte&hellip;\n","protected":false},"author":2,"featured_media":181923,"comment_status":"","ping_status":"","sticky":false,"template":"","format":"standard","meta":{"footnotes":""},"categories":[1358],"tags":[1348,1384,1385,1386,58,59,1011,27,18677],"class_list":{"0":"post-181922","1":"post","2":"type-post","3":"status-publish","4":"format-standard","5":"has-post-thumbnail","7":"category-arts-et-design","8":"tag-arts","9":"tag-arts-and-design","10":"tag-arts-et-design","11":"tag-design","12":"tag-divertissement","13":"tag-entertainment","14":"tag-fr","15":"tag-france","16":"tag-greves"},"share_on_mastodon":{"url":"https:\/\/pubeurope.com\/@fr\/114695468778175718","error":""},"_links":{"self":[{"href":"https:\/\/www.europesays.com\/fr\/wp-json\/wp\/v2\/posts\/181922","targetHints":{"allow":["GET"]}}],"collection":[{"href":"https:\/\/www.europesays.com\/fr\/wp-json\/wp\/v2\/posts"}],"about":[{"href":"https:\/\/www.europesays.com\/fr\/wp-json\/wp\/v2\/types\/post"}],"author":[{"embeddable":true,"href":"https:\/\/www.europesays.com\/fr\/wp-json\/wp\/v2\/users\/2"}],"replies":[{"embeddable":true,"href":"https:\/\/www.europesays.com\/fr\/wp-json\/wp\/v2\/comments?post=181922"}],"version-history":[{"count":0,"href":"https:\/\/www.europesays.com\/fr\/wp-json\/wp\/v2\/posts\/181922\/revisions"}],"wp:featuredmedia":[{"embeddable":true,"href":"https:\/\/www.europesays.com\/fr\/wp-json\/wp\/v2\/media\/181923"}],"wp:attachment":[{"href":"https:\/\/www.europesays.com\/fr\/wp-json\/wp\/v2\/media?parent=181922"}],"wp:term":[{"taxonomy":"category","embeddable":true,"href":"https:\/\/www.europesays.com\/fr\/wp-json\/wp\/v2\/categories?post=181922"},{"taxonomy":"post_tag","embeddable":true,"href":"https:\/\/www.europesays.com\/fr\/wp-json\/wp\/v2\/tags?post=181922"}],"curies":[{"name":"wp","href":"https:\/\/api.w.org\/{rel}","templated":true}]}}