{"id":18193,"date":"2025-04-11T20:32:08","date_gmt":"2025-04-11T20:32:08","guid":{"rendered":"https:\/\/www.europesays.com\/fr\/18193\/"},"modified":"2025-04-11T20:32:08","modified_gmt":"2025-04-11T20:32:08","slug":"mimie-mathy-et-sa-soeur-jumelle-meconnaissables","status":"publish","type":"post","link":"https:\/\/www.europesays.com\/fr\/18193\/","title":{"rendered":"Mimie Mathy et sa \u00ab\u00a0soeur jumelle\u00a0\u00bb m\u00e9connaissables"},"content":{"rendered":"<p>      R\u00e9sum\u00e9<\/p>\n<p>Retrouvez la performance m\u00e9morable de Mimie Mathy et Liane Foly au spectacle des Enfoir\u00e9s \u00e0 l&rsquo;Op\u00e9ra comique en 1995.<\/p>\n<p>        Sommaire<\/p>\n<p>Si vous suivez le spectacle des Enfoir\u00e9s chaque ann\u00e9e, vous n&rsquo;avez pas pu rater ces performances autour du th\u00e8me de la famille. Ce 10 avril 2025, sur le compte Instagram de la troupe, on a red\u00e9couvert un duo. Celui des <strong>copines Mimie Mathy et Liane Foly, sur la \u00ab\u00a0Chanson des jumelles\u00a0\u00bb. <\/strong><\/p>\n<p>\u00c0 l&rsquo;origine, le titre \u00e9tait sorti en 1967. Il fait partie de la bande originale du film \u00ab\u00a0Les demoiselles de Rochefort\u00a0\u00bb, de Jacques Demy, sign\u00e9e Michel Legrand. <\/p>\n<p>Dans les r\u00f4les titres, \u00e0 l&rsquo;\u00e9cran (<a href=\"https:\/\/www.public.fr\/diaporamas\/catherine-deneuve-sa-fille-a-honte\" target=\"_blank\" rel=\"noopener\">mais pas au micro<\/a>), on retrouvait Catherine Deneuve et sa soeur (<a href=\"https:\/\/www.public.fr\/cest-bizarre-catherine-deneuve-evoque-avec-emotion-la-mort-de-sa-soeur\" target=\"_blank\" rel=\"noopener\">aujourd&rsquo;hui disparue<\/a>), Fran\u00e7oise Dorl\u00e9ac, les jumelles. <\/p>\n<p>Le premier duo de Mimie Mathy et Liane Foly aux Enfoir\u00e9s<\/p>\n<p>Dans la vid\u00e9o qu&rsquo;on a revisionn\u00e9, <strong>le duo s&rsquo;est form\u00e9 \u00e0 l&rsquo;occasion du spectacle : \u00ab\u00a0Les Enfoir\u00e9s \u00e0 l&rsquo;Op\u00e9ra comique\u00a0\u00bb, en 1995.<\/strong> C&rsquo;\u00e9tait la deuxi\u00e8me fois que Mimie Mathy et Liane Foly participaient aux Enfoir\u00e9s. La premi\u00e8re a commenc\u00e9 en 1994 et la seconde en 1993.<\/p>\n<p>Et ce n&rsquo;est pas le seul extrait de spectacle que Les Enfoir\u00e9s ont ressorti des cartons, ce jeudi. En effet, on a pu r\u00e9\u00e9couter le duo de Francis Cabrel et Jean-Baptiste, sur \u00ab\u00a0Mon fr\u00e8re\u00a0\u00bb de Maxime Leforestier qui date de 2006. <\/p>\n<p>Pour finir, on a \u00e9galement r\u00e9\u00e9cout\u00e9 Jean-Louis Aubert et Zazie, sur \u00ab\u00a0Tu es de ma famille\u00a0\u00bb en 2020. La chanson est sign\u00e9e Jean-Jacques Goldman, qui a \u00e9galement \u00e9crit la Chanson des Restos, pour Coluche. Il n&rsquo;est <a href=\"https:\/\/vsd.fr\/76691-jean-jacques-goldman-pas-question-de-laisser-les-enfoires-sans-surveillance\/\" target=\"_blank\" rel=\"noopener\">plus mont\u00e9 sur sc\u00e8ne avec le collectif depuis 2016<\/a>.<\/p>\n<p>De beaux souvenirs<\/p>\n<p>Si la compilation est ressortie, cette semaine, sur les r\u00e9seaux sociaux, <strong>c&rsquo;est pour marquer la journ\u00e9e internationale des fr\u00e8res et soeurs<\/strong>. Par ailleurs, pour les fans des Enfoir\u00e9s, le site officiel regorge de ce genre de p\u00e9pites. Il vous suffit de vous rendre <strong>sur l&rsquo;onglet Enfoir\u00e9th\u00e8que<\/strong>, pour rechercher dans la base de donn\u00e9s.<\/p>\n<p>Pour rappel, en 2025, \u00ab\u00a0Au pays des Enfoir\u00e9s !\u00a0\u00bb a \u00e9t\u00e9 diffus\u00e9 sur TF1 le 7 mars 2025. En tout, 53 artistes se sont produits du 14 au 20 janvier 2025 au Sud de France Arena de Montpellier. Et si <a href=\"https:\/\/www.public.fr\/mimie-mathy-malheureuse-privee-de-ce-petit-bonheur-a-cause-des-soucis-de-sante\" target=\"_blank\" rel=\"noopener\">Mimie Mathy \u00e9tait bien<\/a> l\u00e0, motoris\u00e9e, <a href=\"https:\/\/www.public.fr\/on-ne-minvite-plus-evincee-des-enfoires-liane-foly-prend-la-parole\" target=\"_blank\" rel=\"noopener\">\u00e7a s&rsquo;est fait sans Liane Foly<\/a>.<\/p>\n<p>      Mentionn\u00e9s dans cet article<\/p>\n<p>\u00c0 lire aussi<\/p>\n","protected":false},"excerpt":{"rendered":"R\u00e9sum\u00e9 Retrouvez la performance m\u00e9morable de Mimie Mathy et Liane Foly au spectacle des Enfoir\u00e9s \u00e0 l&rsquo;Op\u00e9ra comique&hellip;\n","protected":false},"author":2,"featured_media":18194,"comment_status":"","ping_status":"","sticky":false,"template":"","format":"standard","meta":{"footnotes":""},"categories":[1359],"tags":[58,59,1011,27,7250,7251,7252,7253,973],"class_list":{"0":"post-18193","1":"post","2":"type-post","3":"status-publish","4":"format-standard","5":"has-post-thumbnail","7":"category-people","8":"tag-divertissement","9":"tag-entertainment","10":"tag-fr","11":"tag-france","12":"tag-jumelles","13":"tag-les-enfoires","14":"tag-liane-foly","15":"tag-mimie-mathy","16":"tag-people"},"share_on_mastodon":{"url":"https:\/\/pubeurope.com\/@fr\/114321237204038411","error":""},"_links":{"self":[{"href":"https:\/\/www.europesays.com\/fr\/wp-json\/wp\/v2\/posts\/18193","targetHints":{"allow":["GET"]}}],"collection":[{"href":"https:\/\/www.europesays.com\/fr\/wp-json\/wp\/v2\/posts"}],"about":[{"href":"https:\/\/www.europesays.com\/fr\/wp-json\/wp\/v2\/types\/post"}],"author":[{"embeddable":true,"href":"https:\/\/www.europesays.com\/fr\/wp-json\/wp\/v2\/users\/2"}],"replies":[{"embeddable":true,"href":"https:\/\/www.europesays.com\/fr\/wp-json\/wp\/v2\/comments?post=18193"}],"version-history":[{"count":0,"href":"https:\/\/www.europesays.com\/fr\/wp-json\/wp\/v2\/posts\/18193\/revisions"}],"wp:featuredmedia":[{"embeddable":true,"href":"https:\/\/www.europesays.com\/fr\/wp-json\/wp\/v2\/media\/18194"}],"wp:attachment":[{"href":"https:\/\/www.europesays.com\/fr\/wp-json\/wp\/v2\/media?parent=18193"}],"wp:term":[{"taxonomy":"category","embeddable":true,"href":"https:\/\/www.europesays.com\/fr\/wp-json\/wp\/v2\/categories?post=18193"},{"taxonomy":"post_tag","embeddable":true,"href":"https:\/\/www.europesays.com\/fr\/wp-json\/wp\/v2\/tags?post=18193"}],"curies":[{"name":"wp","href":"https:\/\/api.w.org\/{rel}","templated":true}]}}