{"id":181931,"date":"2025-06-16T22:49:07","date_gmt":"2025-06-16T22:49:07","guid":{"rendered":"https:\/\/www.europesays.com\/fr\/181931\/"},"modified":"2025-06-16T22:49:07","modified_gmt":"2025-06-16T22:49:07","slug":"chikungunya-dans-lherault-cest-deja-une-alerte-et-elle-est-precoce-un-premier-cas-autochtone-detecte-faut-il-sinquieter-midi-libre","status":"publish","type":"post","link":"https:\/\/www.europesays.com\/fr\/181931\/","title":{"rendered":"Chikungunya dans l\u2019H\u00e9rault : &quot;C\u2019est d\u00e9j\u00e0 une alerte, et elle est pr\u00e9coce&quot;, un premier cas autochtone d\u00e9tect\u00e9, faut-il s\u2019inqui\u00e9ter &#8211; Midi Libre"},"content":{"rendered":"<ol>\n<li><a href=\"https:\/\/news.google.com\/rss\/articles\/CBMi_AFBVV95cUxQSnk4OXo1RWxjLXpxTVpUbGdWRUpNd2ZhUXpCaml0MHZ3MWhxNzRRTjRoS0plbUZXOTZCV3JmNW1wSExhUWI5eW9IMEJPZ2I2TFYwUEFNYW1vcTExQmxLdDcybXN1V3RRdmU2TXcwRnNVV19DN0VBVkwzRzRvMlhOY0FDY3cxNjJVQm1oT3FjS2JMSTNPWnZxM1lDLUpkZUMyYnF3b0Rta3BrbkNham1uTTFlTlVYQm9Yb1ppOXZhZWVXbjBzUGZaRGdaOHlVLUo5Z2lDVzlHZzBuWlZibUdwcTFIMGJQdDRTZExMZmNTNWh4SG9VZ1EyV0F2MUE?oc=5\" target=\"_blank\" rel=\"nofollow noopener\">Chikungunya dans l\u2019H\u00e9rault : \u00ab\u00a0C\u2019est d\u00e9j\u00e0 une alerte, et elle est pr\u00e9coce\u00a0\u00bb, un premier cas autochtone d\u00e9tect\u00e9, faut-il s\u2019inqui\u00e9ter<\/a>&nbsp;&nbsp;Midi Libre<\/li>\n<li><a href=\"https:\/\/news.google.com\/rss\/articles\/CBMi2AFBVV95cUxOdE5HTnBkRFNIV2RmSEp1ODdqVTFpRXUzY0Z0eU40dmFza01Wd1NWUDNsRWFjTWZIY0RmTnd1VDNNN0ZOdm43YVhELWRfb04wWmtoRmRqWlBTdlpJOFRQdW9fQ09UN2h1U1VaTnkwTVZITUVhLUdxcmZuTU9TWHBUbWNmLV95aFZfcVFqQmRLMEMteVJYbFMwc0hZTHlBSTMyOU9ZWnZMejNDbEU2cjNicVdiMDNTdzNGSDdsV2U3QlhndWRuZG4tQ2I4bWJDZ0hGYktNRXF3RUQ?oc=5\" target=\"_blank\" rel=\"nofollow noopener\">Face aux fortes chaleurs, le ministre Yannick Neuder va rappeler les bons conseils aux maires<\/a>&nbsp;&nbsp;BFMTV<\/li>\n<li><a href=\"https:\/\/news.google.com\/rss\/articles\/CBMisAFBVV95cUxQQ1hVNjRaRDlpVzhMYVVQMzU3NHBLcVBpMWN1VUYyd0o1UC1tVTZxQ09kYk5ZTXBDMGN5QXdmMlZsSFJRRmJ6V0FNU1NzeVJ5dElfZkNaTW4wdWhYUjVXMGR0LTFUMGw2SEt4MFR1MXZKeEdDLUplTHNDZTVoLUlOSmx2cFNqSjJQdWZkS05IQ1E0cGNqMzNabkV5UWZaT0otT0JBVUlaRnRTQjZPRFNJOQ?oc=5\" target=\"_blank\" rel=\"nofollow noopener\">Chikungunya : Apr\u00e8s le Var, un deuxi\u00e8me cas autochtone d\u00e9couvert dans l\u2019H\u00e9rault<\/a>&nbsp;&nbsp;20 Minutes<\/li>\n<li><a href=\"https:\/\/news.google.com\/rss\/articles\/CBMizwFBVV95cUxQTk9VNDRPV2p3ajBvUW5lTnJEa1g3UndhdFhCcHM0eGNSdWtNYmZDb1RWODVZc0pRVU15NXhoZHRtbTN5Z1ZEZkRwcHBtdjhjdzhGVEtyMVdvY1Y3dThCaUgxUm41amRJQU9rVWtmZTV4eEd0V3QzZ2tFeWxzWXNFRHIxWVVudXA3SWxqQnVBREtHY2x5dS1qMzJoY04xNUdzMHRFMVdDVlh4YTZxLXR4c04yNTVoUHJxdWZRWlMwSGhaQk8ya3RuM2xtVUlFQUk?oc=5\" target=\"_blank\" rel=\"nofollow noopener\">En vue de l\u2019\u00e9t\u00e9, le ministre de la Sant\u00e9 veut sensibiliser \u00e0 \u00abla canicule\u00bb et \u00abau risque de chikungunya\u00bb<\/a>&nbsp;&nbsp;Le Figaro Sant\u00e9<\/li>\n<li><a href=\"https:\/\/news.google.com\/rss\/articles\/CBMi7AFBVV95cUxObFhRalhwU0hBUXAyWGFreUc2X2E5Wm5Ud0hRdnVqOWlCOXB3dFlqQTA5dFhMYU53SnEtT3NIZEEzb21xQ3FCcG02Z1o5WXdyQmRzUUV4a1VlQ3MzQXM4SndIb3hwMXJfaUFFYXIxM1dZVkMtNnhZTEdNM1dXd0p6bURITmVVc1A2aFBTNzFvaFNrR3ZZS0lJb2lVTW5Bc1A4UGQ0RzE0empxbXVBV1ZUeWxnVnN2eWZqSERPSzRHandMc2dfWnBJbVc0WU1RMm5VekN6V2RSbUNlUGZpOWVQRXNJWHRZQWNkZ2pCTQ?oc=5\" target=\"_blank\" rel=\"nofollow noopener\">Un premier cas de chikungunya en Occitanie, les autorit\u00e9s sanitaires veulent limiter la propagation du virus<\/a>&nbsp;&nbsp;ladepeche.fr<\/li>\n<\/ol>\n","protected":false},"excerpt":{"rendered":"Chikungunya dans l\u2019H\u00e9rault : \u00ab\u00a0C\u2019est d\u00e9j\u00e0 une alerte, et elle est pr\u00e9coce\u00a0\u00bb, un premier cas autochtone d\u00e9tect\u00e9, faut-il&hellip;\n","protected":false},"author":2,"featured_media":1445,"comment_status":"","ping_status":"","sticky":false,"template":"","format":"standard","meta":{"footnotes":""},"categories":[10],"tags":[1011,27,72,71],"class_list":{"0":"post-181931","1":"post","2":"type-post","3":"status-publish","4":"format-standard","5":"has-post-thumbnail","7":"category-sante","8":"tag-fr","9":"tag-france","10":"tag-health","11":"tag-sante"},"share_on_mastodon":{"url":"https:\/\/pubeurope.com\/@fr\/114695488353761362","error":""},"_links":{"self":[{"href":"https:\/\/www.europesays.com\/fr\/wp-json\/wp\/v2\/posts\/181931","targetHints":{"allow":["GET"]}}],"collection":[{"href":"https:\/\/www.europesays.com\/fr\/wp-json\/wp\/v2\/posts"}],"about":[{"href":"https:\/\/www.europesays.com\/fr\/wp-json\/wp\/v2\/types\/post"}],"author":[{"embeddable":true,"href":"https:\/\/www.europesays.com\/fr\/wp-json\/wp\/v2\/users\/2"}],"replies":[{"embeddable":true,"href":"https:\/\/www.europesays.com\/fr\/wp-json\/wp\/v2\/comments?post=181931"}],"version-history":[{"count":0,"href":"https:\/\/www.europesays.com\/fr\/wp-json\/wp\/v2\/posts\/181931\/revisions"}],"wp:featuredmedia":[{"embeddable":true,"href":"https:\/\/www.europesays.com\/fr\/wp-json\/wp\/v2\/media\/1445"}],"wp:attachment":[{"href":"https:\/\/www.europesays.com\/fr\/wp-json\/wp\/v2\/media?parent=181931"}],"wp:term":[{"taxonomy":"category","embeddable":true,"href":"https:\/\/www.europesays.com\/fr\/wp-json\/wp\/v2\/categories?post=181931"},{"taxonomy":"post_tag","embeddable":true,"href":"https:\/\/www.europesays.com\/fr\/wp-json\/wp\/v2\/tags?post=181931"}],"curies":[{"name":"wp","href":"https:\/\/api.w.org\/{rel}","templated":true}]}}