{"id":181938,"date":"2025-06-16T22:53:09","date_gmt":"2025-06-16T22:53:09","guid":{"rendered":"https:\/\/www.europesays.com\/fr\/181938\/"},"modified":"2025-06-16T22:53:09","modified_gmt":"2025-06-16T22:53:09","slug":"une-mere-de-famille-tuee-a-reims","status":"publish","type":"post","link":"https:\/\/www.europesays.com\/fr\/181938\/","title":{"rendered":"Une m\u00e8re de famille tu\u00e9e \u00e0 Reims"},"content":{"rendered":"<p>Une m\u00e8re de famille d\u2019une quarantaine d\u2019ann\u00e9es est morte \u00e0 <a href=\"https:\/\/www.20minutes.fr\/dossier\/reims\" target=\"_blank\" class=\"color-ultramarine c-link\" rel=\"noopener\">Reims<\/a> mercredi dernier apr\u00e8s l\u2019explosion de l\u2019<a href=\"https:\/\/www.20minutes.fr\/auto\/airbags-takata\/\" target=\"_blank\" class=\"color-ultramarine c-link\" rel=\"noopener\">airbag<\/a> de sa Citro\u00ebn C3 lors d\u2019un accident sur la voie rapide traversant la ville. A bord du v\u00e9hicule se trouvait aussi une adolescente de 14 ans, bless\u00e9e dans la collision, rapporte ce lundi <a href=\"https:\/\/www.francebleu.fr\/infos\/societe\/une-mere-de-famille-tuee-par-un-airbag-defectueux-a-reims-1229791\" rel=\"nofollow noopener\" target=\"_blank\" class=\"color-ultramarine c-link\">France Bleu<\/a>. Il s\u2019agit du 19e d\u00e9c\u00e8s en France li\u00e9 \u00e0 un airbag de la marque Takata, dont le deuxi\u00e8me en m\u00e9tropole.<\/p>\n<p>L\u2019accident s\u2019est produit alors que la conductrice tentait d\u2019\u00e9viter un poids lourd. En frottant une glissi\u00e8re de s\u00e9curit\u00e9, l\u2019airbag s\u2019est d\u00e9clench\u00e9. Le v\u00e9hicule s\u2019est immobilis\u00e9 sur le bas-c\u00f4t\u00e9. A l\u2019arriv\u00e9e des secours, la gravit\u00e9 des blessures au visage de la victime a imm\u00e9diatement alert\u00e9 les intervenants. Elles portaient la signature caract\u00e9ristique des <a href=\"https:\/\/www.20minutes.fr\/auto\/airbags-takata\/\" target=\"_blank\" class=\"color-ultramarine c-link\" rel=\"noopener\">airbags Takata<\/a>, dont les capsules de gaz peuvent exploser et propulser des \u00e9clats de m\u00e9tal \u00e0 la vitesse d\u2019une balle de revolver.<\/p>\n<\/p>\n<p>La <a href=\"https:\/\/www.20minutes.fr\/dossier\/conducteur\" target=\"_blank\" class=\"color-ultramarine c-link\" rel=\"noopener\">conductrice<\/a> d\u00e9c\u00e9d\u00e9e n\u2019avait jamais re\u00e7u de notification pour remplacer son airbag, selon les informations de France Bleu. Le parquet de Reims a transf\u00e9r\u00e9 l\u2019affaire \u00e0 la juridiction interr\u00e9gionale sp\u00e9cialis\u00e9e de Paris, qui regroupe d\u00e9sormais toutes les proc\u00e9dures judiciaires li\u00e9es aux airbags Takata. L\u2019objectif\u00a0: centraliser les enqu\u00eates et d\u00e9terminer d\u2019\u00e9ventuelles responsabilit\u00e9s p\u00e9nales, tant du c\u00f4t\u00e9 des fabricants que des constructeurs automobiles et des distributeurs.<\/p>\n<p><a href=\"https:\/\/www.20minutes.fr\/auto\/airbags-takata\/\" class=\"c-link c-btn c-btn--primary\" target=\"_blank\" rel=\"noopener\">Notre dossier sur les airbags Takata<\/a><\/p>\n<p>Depuis\u00a02016, une trentaine d\u2019<a href=\"https:\/\/www.20minutes.fr\/dossier\/accident\" target=\"_blank\" class=\"color-ultramarine c-link\" rel=\"noopener\">accidents<\/a> impliquant ces airbags ont \u00e9t\u00e9 recens\u00e9s en France, causant \u00e9galement une quinzaine de bless\u00e9s. La majorit\u00e9 des cas mortels ont eu lieu dans les territoires d\u2019outre-mer, o\u00f9 chaleur et humidit\u00e9 acc\u00e9l\u00e8rent la d\u00e9gradation chimique des composants explosifs. Mais le risque persiste aussi en m\u00e9tropole, comme l\u2019ont montr\u00e9 les deux derniers drames, dans le Sud-Ouest en novembre\u00a02023 et dans le Nord.<\/p>\n","protected":false},"excerpt":{"rendered":"Une m\u00e8re de famille d\u2019une quarantaine d\u2019ann\u00e9es est morte \u00e0 Reims mercredi dernier apr\u00e8s l\u2019explosion de l\u2019airbag de&hellip;\n","protected":false},"author":2,"featured_media":181939,"comment_status":"","ping_status":"","sticky":false,"template":"","format":"standard","meta":{"footnotes":""},"categories":[6],"tags":[4376,47,20849,35,7527,3983,33,34,118,1011,27,775,12650,4243],"class_list":{"0":"post-181938","1":"post","2":"type-post","3":"status-publish","4":"format-standard","5":"has-post-thumbnail","7":"category-economie","8":"tag-accident-de-la-route","9":"tag-actualite","10":"tag-airbags-takata-defectueux","11":"tag-business","12":"tag-citroen","13":"tag-deces","14":"tag-economie","15":"tag-economy","16":"tag-faits-divers","17":"tag-fr","18":"tag-france","19":"tag-grand-est","20":"tag-marne","21":"tag-reims"},"share_on_mastodon":{"url":"https:\/\/pubeurope.com\/@fr\/114695504265549995","error":""},"_links":{"self":[{"href":"https:\/\/www.europesays.com\/fr\/wp-json\/wp\/v2\/posts\/181938","targetHints":{"allow":["GET"]}}],"collection":[{"href":"https:\/\/www.europesays.com\/fr\/wp-json\/wp\/v2\/posts"}],"about":[{"href":"https:\/\/www.europesays.com\/fr\/wp-json\/wp\/v2\/types\/post"}],"author":[{"embeddable":true,"href":"https:\/\/www.europesays.com\/fr\/wp-json\/wp\/v2\/users\/2"}],"replies":[{"embeddable":true,"href":"https:\/\/www.europesays.com\/fr\/wp-json\/wp\/v2\/comments?post=181938"}],"version-history":[{"count":0,"href":"https:\/\/www.europesays.com\/fr\/wp-json\/wp\/v2\/posts\/181938\/revisions"}],"wp:featuredmedia":[{"embeddable":true,"href":"https:\/\/www.europesays.com\/fr\/wp-json\/wp\/v2\/media\/181939"}],"wp:attachment":[{"href":"https:\/\/www.europesays.com\/fr\/wp-json\/wp\/v2\/media?parent=181938"}],"wp:term":[{"taxonomy":"category","embeddable":true,"href":"https:\/\/www.europesays.com\/fr\/wp-json\/wp\/v2\/categories?post=181938"},{"taxonomy":"post_tag","embeddable":true,"href":"https:\/\/www.europesays.com\/fr\/wp-json\/wp\/v2\/tags?post=181938"}],"curies":[{"name":"wp","href":"https:\/\/api.w.org\/{rel}","templated":true}]}}