{"id":181940,"date":"2025-06-16T22:54:12","date_gmt":"2025-06-16T22:54:12","guid":{"rendered":"https:\/\/www.europesays.com\/fr\/181940\/"},"modified":"2025-06-16T22:54:12","modified_gmt":"2025-06-16T22:54:12","slug":"quand-donald-trump-se-retirait-du-g7-au-canada-a-cause-des-droits-de-douane","status":"publish","type":"post","link":"https:\/\/www.europesays.com\/fr\/181940\/","title":{"rendered":"Quand Donald Trump se retirait du G7 au Canada&#8230; \u00e0 cause des droits de douane"},"content":{"rendered":"<ul class=\"jsx-862013697 ArticleChapo__List\">\n<li class=\"jsx-862013697 ArticleChapo__List_Item flex\">Les principaux dirigeants mondiaux sont r\u00e9unis au Canada pour participer au G7.<\/li>\n<li class=\"jsx-862013697 ArticleChapo__List_Item flex\">C&rsquo;est la premi\u00e8re fois que le pays accueille ce sommet depuis 2018.<\/li>\n<li class=\"jsx-862013697 ArticleChapo__List_Item flex\">Ann\u00e9e o\u00f9 au dernier moment, Donald Trump avait r\u00e9alis\u00e9 un coup d&rsquo;\u00e9clat au sujet des droits de douane.<\/li>\n<\/ul>\n<p><a href=\"https:\/\/www.tf1info.fr\/actualite\/etats-unis-la-guerre-commerciale-de-donald-trump-contre-le-reste-du-monde-ue-france-chine-mexique-canada-13890\/\" rel=\"noopener\" class=\"jsx-484472199 Link jsx-1428418400 jsx-1404382745\" target=\"_blank\"><\/p>\n<p style=\"font-weight:400\" class=\"jsx-1837267516\">Suivez la couverture compl\u00e8te<\/p>\n<p style=\"font-weight:800\" class=\"jsx-1837267516\">La guerre commerciale de Donald Trump contre le reste du monde<\/p>\n<p><\/a><\/p>\n<p data-module=\"article-paragraph\" class=\"jsx-3046738180 Paragraph Paragraph__End\">Un G7 qui vire au fiasco. Voil\u00e0 les mots employ\u00e9s par la presse en juin 2018 pour qualifier le r\u00e9sultat du sommet du G7 au Canada. Depuis ce dimanche 15 juin, les dirigeants des principales puissantes mondiales sont r\u00e9unis de l&rsquo;autre c\u00f4t\u00e9 de l&rsquo;Atlantique <a href=\"https:\/\/www.tf1info.fr\/international\/g7-canada-iran-ukraine-droits-de-douane-et-climat-au-menu-le-premier-sommet-depuis-le-retour-de-trump-au-pouvoir-2377125.html\" target=\"_blank\" rel=\"noopener\">pour tenter d&rsquo;aboutir \u00e0 des accords sur de nombreux sujets<\/a>. C&rsquo;est la premi\u00e8re fois que ce sommet a lieu au Canada depuis sept ans, lorsque le pr\u00e9sident Donald Trump s&rsquo;\u00e9tait subitement d\u00e9solidaris\u00e9 du communiqu\u00e9 commun.<\/p>\n<p>Un communiqu\u00e9 sign\u00e9 par les \u00c9tats-Unis&#8230;<\/p>\n<p data-module=\"article-paragraph\" class=\"jsx-3046738180 Paragraph\">Souvenez-vous : le 9 juin 2018, alors que <a href=\"https:\/\/www.tf1info.fr\/economie\/etats-unis-les-droits-de-douane-reciproques-bloques-par-un-tribunal-l-administration-donald-trump-fait-appel-2373722.html\" target=\"_blank\" rel=\"noopener\">les droits de douane<\/a> voulus par Donald Trump sont critiqu\u00e9s par les alli\u00e9s des \u00c9tats-Unis, les dirigeants des pays du G7 se mettent finalement d&rsquo;accord sur un texte \u00e0 l&rsquo;issue de longues n\u00e9gociations. Celui-ci d\u00e9nonce le protectionnisme qu&rsquo;ils appellent \u00e0 \u00ab\u00a0combattre\u00a0\u00bb.<\/p>\n<p data-module=\"article-paragraph\" class=\"jsx-3046738180 Paragraph Paragraph__End\">\u00ab\u00a0Nous ferons tout notre possible pour r\u00e9duire les barri\u00e8res tarifaires, les barri\u00e8res non tarifaires et les subventions\u00a0\u00bb, peut-on ainsi lire dans ce document, qui reprend aussi certaines exigences du pr\u00e9sident am\u00e9ricain, avec le mot de \u00ab\u00a0r\u00e9ciproque\u00a0\u00bb pour le libre-\u00e9change, qui se doit d&rsquo;\u00eatre \u00ab\u00a0libre, \u00e9quitable et mutuellement avantageux\u00a0\u00bb. La partie du texte consacr\u00e9e au commerce est sign\u00e9e par les sept pays, y compris les \u00c9tats-Unis.<\/p>\n<p>&#8230; avant de s&rsquo;en d\u00e9solidariser dans l&rsquo;avion<\/p>\n<p data-module=\"article-paragraph\" class=\"jsx-3046738180 Paragraph\"><a href=\"https:\/\/www.tf1info.fr\/international\/canada-mark-carney-elu-nouveau-chef-du-parti-de-justin-trudeau-et-futur-premier-ministre-2358372.html\" target=\"_blank\" rel=\"noopener\">Justin Trudeau<\/a>, le chef du gouvernement canadien, h\u00f4te du sommet, se pr\u00e9sente alors devant les journalistes pour la conf\u00e9rence de cl\u00f4ture. Il y fustige les droits de douane et rapporte qu&rsquo;il a dit \u00e0 Donald Trump que les tarifs am\u00e9ricains \u00e9taient, \u00ab\u00a0pour les Canadiens qui se sont battus aux c\u00f4t\u00e9s des soldats am\u00e9ricains\u00a0\u00bb, \u00ab\u00a0plut\u00f4t insultants\u00a0\u00bb.<\/p>\n<p data-module=\"article-paragraph\" class=\"jsx-3046738180 Paragraph\">Il n&rsquo;en fallait pas plus pour \u00e9nerver le locataire de la Maison Blanche, pourtant d\u00e9j\u00e0 dans l&rsquo;avion vers Singapour. Sur Twitter, depuis Air Force One, <a href=\"https:\/\/www.tf1info.fr\/actualite\/donald-trump-10150\/\" target=\"_blank\" rel=\"noopener\">Donald Trump<\/a> d\u00e9nonce de \u00ab\u00a0fausses d\u00e9clarations\u00a0\u00bb&#8230; et r\u00e9trop\u00e9dale. \u00ab\u00a0Du fait que le Canada impose des taxes massives sur nos agriculteurs, travailleurs et entreprises am\u00e9ricaines, j&rsquo;ai demand\u00e9 \u00e0 nos repr\u00e9sentants am\u00e9ricains de retirer le soutien au communiqu\u00e9\u00a0\u00bb, \u00e9crit-il.<\/p>\n<p data-module=\"article-paragraph\" class=\"jsx-3046738180 Paragraph Paragraph__End\">Il ne s&rsquo;arr\u00eate pas l\u00e0, puisqu&rsquo;il indique aussi \u00ab\u00a0envisager des tarifs sur les automobiles qui inondent le march\u00e9 am\u00e9ricain\u00a0\u00bb. Puis s&rsquo;en prend \u00e0 Justin Trudeau, \u00ab\u00a0tr\u00e8s malhonn\u00eate et faible\u00a0\u00bb, \u00e0 qui il reproche de s&rsquo;\u00eatre conduit de fa\u00e7on \u00ab\u00a0douce\u00a0\u00bb durant le sommet puis plus durement devant la presse.<\/p>\n<p><a href=\"https:\/\/www.tf1info.fr\/economie\/droits-de-douane-50-etats-unis-donald-trump-prolonge-finalement-jusqu-au-9-juillet-la-pause-pour-l-ue-union-europeenne-2373029.html\" rel=\"noopener\" class=\"jsx-3308031228 Link flex\" target=\"_blank\"><img decoding=\"async\" src=\"https:\/\/www.europesays.com\/fr\/wp-content\/uploads\/2025\/06\/donald-trump-maison-blanche-13-mars-2025-88c694-0@1x.jpeg\" alt=\"Donald Trump lors d'une rencontre avec le patron de l'Otan Mark Rutte \u00e0 la Maison Blanche le 13 mars 2025.\" loading=\"lazy\" importance=\"low\" fetchpriority=\"low\" class=\"\"\/><\/p>\n<p class=\"jsx-3657663356 ReadMoreArticle__Title\">Lire aussi<\/p>\n<p class=\"jsx-3657663356\">Droits de douane : Donald Trump prolonge finalement jusqu&rsquo;au 9 juillet la pause pour l&rsquo;UE<\/p>\n<p><\/a><\/p>\n<p data-module=\"article-paragraph\" class=\"jsx-3046738180 Paragraph Paragraph__End\">Face \u00e0 ce brusque revirement, les \u00c9tats-Unis s&rsquo;isolent au sein du G7. La France d\u00e9nonce l'\u00a0\u00bbincoh\u00e9rence\u00a0\u00bb de la d\u00e9l\u00e9gation am\u00e9ricaine, tandis que l&rsquo;Allemagne accuse Donald Trump de \u00ab\u00a0d\u00e9truire\u00a0\u00bb la confiance des alli\u00e9s \u00e0 coups de tweets. Sept ans plus tard, les d\u00e9saccords au sujet des droits de douane vont encore demeurer au c\u0153ur des discussions&#8230;<\/p>\n<p>I.N<\/p>\n","protected":false},"excerpt":{"rendered":"Les principaux dirigeants mondiaux sont r\u00e9unis au Canada pour participer au G7. C&rsquo;est la premi\u00e8re fois que le&hellip;\n","protected":false},"author":2,"featured_media":181941,"comment_status":"","ping_status":"","sticky":false,"template":"","format":"standard","meta":{"footnotes":""},"categories":[5],"tags":[1111,11,1921,574,75,73,1011,27,1922,14,15906,3078,12,133,1920,28],"class_list":{"0":"post-181940","1":"post","2":"type-post","3":"status-publish","4":"format-standard","5":"has-post-thumbnail","7":"category-international","8":"tag-actu","9":"tag-actualites","10":"tag-article-video","11":"tag-canada","12":"tag-donald-trump","13":"tag-etats-unis","14":"tag-fr","15":"tag-france","16":"tag-info","17":"tag-international","18":"tag-justin-trudeau","19":"tag-la-guerre-commerciale-de-donald-trump-contre-le-reste-du-monde","20":"tag-news","21":"tag-video","22":"tag-video-international","23":"tag-world"},"share_on_mastodon":{"url":"https:\/\/pubeurope.com\/@fr\/114695508130668358","error":""},"_links":{"self":[{"href":"https:\/\/www.europesays.com\/fr\/wp-json\/wp\/v2\/posts\/181940","targetHints":{"allow":["GET"]}}],"collection":[{"href":"https:\/\/www.europesays.com\/fr\/wp-json\/wp\/v2\/posts"}],"about":[{"href":"https:\/\/www.europesays.com\/fr\/wp-json\/wp\/v2\/types\/post"}],"author":[{"embeddable":true,"href":"https:\/\/www.europesays.com\/fr\/wp-json\/wp\/v2\/users\/2"}],"replies":[{"embeddable":true,"href":"https:\/\/www.europesays.com\/fr\/wp-json\/wp\/v2\/comments?post=181940"}],"version-history":[{"count":0,"href":"https:\/\/www.europesays.com\/fr\/wp-json\/wp\/v2\/posts\/181940\/revisions"}],"wp:featuredmedia":[{"embeddable":true,"href":"https:\/\/www.europesays.com\/fr\/wp-json\/wp\/v2\/media\/181941"}],"wp:attachment":[{"href":"https:\/\/www.europesays.com\/fr\/wp-json\/wp\/v2\/media?parent=181940"}],"wp:term":[{"taxonomy":"category","embeddable":true,"href":"https:\/\/www.europesays.com\/fr\/wp-json\/wp\/v2\/categories?post=181940"},{"taxonomy":"post_tag","embeddable":true,"href":"https:\/\/www.europesays.com\/fr\/wp-json\/wp\/v2\/tags?post=181940"}],"curies":[{"name":"wp","href":"https:\/\/api.w.org\/{rel}","templated":true}]}}