{"id":181944,"date":"2025-06-16T22:56:14","date_gmt":"2025-06-16T22:56:14","guid":{"rendered":"https:\/\/www.europesays.com\/fr\/181944\/"},"modified":"2025-06-16T22:56:14","modified_gmt":"2025-06-16T22:56:14","slug":"dos-au-mur-la-republique-islamique-mobilise-sa-diplomatie","status":"publish","type":"post","link":"https:\/\/www.europesays.com\/fr\/181944\/","title":{"rendered":"dos au mur, la R\u00e9publique islamique mobilise sa diplomatie"},"content":{"rendered":"<p><strong>ANALYSE <\/strong>&#8211; T\u00e9h\u00e9ran brandit la menace d\u2019une sortie rapide du trait\u00e9 de non-prolif\u00e9ration pour convaincre les Occidentaux de susciter un arr\u00eat des bombardements.<\/p>\n<p class=\"fig-paragraph\">Alors que\u00a0<a href=\"http:\/\/www.lefigaro.fr\/international\/israel-iran-benyamin-netanyahou-espere-redessiner-la-carte-du-moyen-orient-20250615\" data-fig-type=\"Article\" data-gtm-custom-categorie=\"navigation\" data-gtm-custom-action=\"crossclick\" data-gtm-custom-label=\"Contextuel\" data-gtm-event=\"customEventSPE\" data-fig-domain=\"LEFIGARO\" target=\"_blank\" rel=\"noopener\">Benyamin Netanyahou<\/a>\u00a0a demand\u00e9 lundi \u00e0 la population d\u2019\u00e9vacuer un quartier entier de T\u00e9h\u00e9ran, o\u00f9 sont situ\u00e9es de nombreuses installations militaires, en pr\u00e9vision de frappes isra\u00e9liennes, la R\u00e9publique islamique a durci le ton vis-\u00e0-vis de l\u2019Agence internationale \u00e0 l\u2019\u00e9nergie atomique (AIEA), tout en semblant montrer de premiers signes de disponibilit\u00e9 \u00e0 n\u00e9gocier la fin d\u2019une guerre qui la fait trembler sur ses bases.<\/p>\n<p class=\"fig-paragraph\">\u00ab\u00a0Les\u00a0<a href=\"http:\/\/www.lefigaro.fr\/international\/israel-envisagerait-de-frapper-les-installations-nucleaires-iraniennes-selon-le-renseignement-americain-20250521\" data-fig-type=\"NewsFlash\" data-gtm-custom-categorie=\"navigation\" data-gtm-custom-action=\"crossclick\" data-gtm-custom-label=\"Contextuel\" data-gtm-event=\"customEventSPE\" data-fig-domain=\"LEFIGARO\" target=\"_blank\" rel=\"noopener\">installations nucl\u00e9aires<\/a> \u00a0pacifiques d\u2019un pays qui \u00e9taient sous la surveillance continue de l\u2019AIEA ont \u00e9t\u00e9 attaqu\u00e9es. Nous attendons (de l\u2019agence et son chef Rafael Grossi) qu\u2019ils adoptent une position ferme pour condamner cet acte\u00a0\u00bb, a d\u00e9clar\u00e9 lundi le porte-parole de la diplomatie iranienne, Esmail Bagha\u00ef.<\/p>\n<p class=\"fig-body-link\">\n            \u00c0 lire aussi<br \/>\n        <a class=\"fig-body-link__link fig-premium-mark\" href=\"http:\/\/www.lefigaro.fr\/vox\/monde\/renaud-girard-les-risques-de-la-guerre-preventive-d-israel-20250616\" data-fig-type=\"Article\" data-gtm-custom-categorie=\"navigation\" data-gtm-custom-action=\"crossclick\" data-gtm-custom-label=\"Contextuel\" data-gtm-event=\"customEventSPE\" data-fig-domain=\"LEFIGARO\" target=\"_blank\" rel=\"noopener\">Renaud Girard\u00a0: \u00abLes risques de la guerre pr\u00e9ventive d\u2019Isra\u00ebl\u00bb<br \/>\n    <\/a>\n<\/p>\n<p class=\"fig-paragraph\">Ce durcissement iranien a \u00e9t\u00e9 confirm\u00e9 quelques heures plus tard par l\u2019annonce que le Parlement pr\u00e9parait une loi r\u00e9clamant que la R\u00e9publique islamique quitte le trait\u00e9 de non-prolif\u00e9ration (TNP) nucl\u00e9aire en raison de la guerre men\u00e9e par Isra\u00ebl. \u00ab\u00a0La\u2026<\/p>\n<p class=\"fig-premium-paywall__infos\">\n        Cet article est r\u00e9serv\u00e9 aux abonn\u00e9s.        Il vous reste 83% \u00e0 d\u00e9couvrir.\n    <\/p>\n<p>                <img  data- alt=\"Le Figaro\" class=\"fig-img--complete fig-img\"\/><\/p>\n<p class=\"fig-premium-paywall__title\">Vente Flash<\/p>\n<p class=\"fig-premium-paywall__subtitle\">3,99\u20ac par mois pendant 12 mois. Sans engagement.<\/p>\n<p class=\"fig-premium-paywall__connect\">\n                D\u00e9j\u00e0 abonn\u00e9\u00a0?                <a class=\"fig-premium-paywall__connect-link\" href=\"https:\/\/connect.lefigaro.fr\/login?client=horizon_web&amp;type=main&amp;redirect_uri=https%3A%2F%2Fwww.lefigaro.fr%2Finternational%2Fle-pouvoir-en-iran-est-dans-la-nasse-dos-au-mur-la-republique-islamique-mobilise-sa-diplomatie-20250616\" data-js-gtm=\"{&quot;customCategorie&quot;: &quot;conversion&quot;, &quot;customAction&quot;: &quot;before_Landing_Connexion_paywall_auto&quot;, &quot;customLabel&quot;: &quot;bGVmaWdhcm8uZnJfXzFmMDRhY2NkLThmMDctNjM2ZS05YmRkLWRiY2E2MzU5M2M0ZV9fQXJ0aWNsZQ==_\u00abLe pouvoir en Iran est dans la nasse\u00bb: dos au mur, la R\u00e9publique islamique mobilise sa diplomatie_251&quot;, &quot;customIDSPE&quot;: &quot;bGVmaWdhcm8uZnJfXzFmMDRhY2NkLThmMDctNjM2ZS05YmRkLWRiY2E2MzU5M2M0ZV9fQXJ0aWNsZQ==&quot;, &quot;event&quot;: &quot;customEventSPE&quot;}\" target=\"_blank\" rel=\"noopener\"><br \/>\n                    Connectez-vous<br \/>\n                <\/a>\n            <\/p>\n","protected":false},"excerpt":{"rendered":"ANALYSE &#8211; T\u00e9h\u00e9ran brandit la menace d\u2019une sortie rapide du trait\u00e9 de non-prolif\u00e9ration pour convaincre les Occidentaux de&hellip;\n","protected":false},"author":2,"featured_media":181945,"comment_status":"","ping_status":"","sticky":false,"template":"","format":"standard","meta":{"footnotes":""},"categories":[2],"tags":[259,11,260,22405,1011,27,14,3019,664,261,12,262],"class_list":{"0":"post-181944","1":"post","2":"type-post","3":"status-publish","4":"format-standard","5":"has-post-thumbnail","7":"category-actualites","8":"tag-actualite-internationale","9":"tag-actualites","10":"tag-affaires-etrangeres","11":"tag-ali-khamenei","12":"tag-fr","13":"tag-france","14":"tag-international","15":"tag-iran","16":"tag-israel","17":"tag-ministere-des-affaires-etrangeres","18":"tag-news","19":"tag-politique-etrangere"},"share_on_mastodon":{"url":"https:\/\/pubeurope.com\/@fr\/114695515894130833","error":""},"_links":{"self":[{"href":"https:\/\/www.europesays.com\/fr\/wp-json\/wp\/v2\/posts\/181944","targetHints":{"allow":["GET"]}}],"collection":[{"href":"https:\/\/www.europesays.com\/fr\/wp-json\/wp\/v2\/posts"}],"about":[{"href":"https:\/\/www.europesays.com\/fr\/wp-json\/wp\/v2\/types\/post"}],"author":[{"embeddable":true,"href":"https:\/\/www.europesays.com\/fr\/wp-json\/wp\/v2\/users\/2"}],"replies":[{"embeddable":true,"href":"https:\/\/www.europesays.com\/fr\/wp-json\/wp\/v2\/comments?post=181944"}],"version-history":[{"count":0,"href":"https:\/\/www.europesays.com\/fr\/wp-json\/wp\/v2\/posts\/181944\/revisions"}],"wp:featuredmedia":[{"embeddable":true,"href":"https:\/\/www.europesays.com\/fr\/wp-json\/wp\/v2\/media\/181945"}],"wp:attachment":[{"href":"https:\/\/www.europesays.com\/fr\/wp-json\/wp\/v2\/media?parent=181944"}],"wp:term":[{"taxonomy":"category","embeddable":true,"href":"https:\/\/www.europesays.com\/fr\/wp-json\/wp\/v2\/categories?post=181944"},{"taxonomy":"post_tag","embeddable":true,"href":"https:\/\/www.europesays.com\/fr\/wp-json\/wp\/v2\/tags?post=181944"}],"curies":[{"name":"wp","href":"https:\/\/api.w.org\/{rel}","templated":true}]}}