{"id":181946,"date":"2025-06-16T22:57:12","date_gmt":"2025-06-16T22:57:12","guid":{"rendered":"https:\/\/www.europesays.com\/fr\/181946\/"},"modified":"2025-06-16T22:57:12","modified_gmt":"2025-06-16T22:57:12","slug":"firminy-il-outrage-les-policiers-et-se-rebelle-apres-avoir-grille-un-feu-rouge-2","status":"publish","type":"post","link":"https:\/\/www.europesays.com\/fr\/181946\/","title":{"rendered":"Firminy. Il outrage les policiers et se rebelle apr\u00e8s avoir grill\u00e9 un feu rouge"},"content":{"rendered":"<p>Il \u00e9tait environ 23\u00a0h\u00a020, ce jeudi 12\u00a0juin, quand un \u00e9quipage de police secours en faction dans le centre-ville de Firminy aper\u00e7oit un v\u00e9hicule qui vient de griller un feu rouge. Les fonctionnaires signalent alors leur pr\u00e9sence et demandent au conducteur de s\u2019arr\u00eater. Selon une source polici\u00e8re, ce dernier obtemp\u00e8re mais va rapidement hausser le ton et insulter les repr\u00e9sentants des forces de l\u2019ordre.<\/p>\n<p>  Les policiers saisissent quelques grammes de r\u00e9sine de cannabis<\/p>\n<p>De plus, le jeune homme, \u00e2g\u00e9 de 18 ans et habitant la cit\u00e9 appelouse, circule sans permis de conduire valide. Le test r\u00e9alis\u00e9 par les policiers va faire la d\u00e9monstration qu\u2019il est sous l\u2019emprise de produits stup\u00e9fiants. D\u2019ailleurs, quelques grammes de r\u00e9sine de cannabis seront retrouv\u00e9s sur lui.<\/p>\n<p>Et alors que les agents allaient l\u2019interpeller, ce dernier n\u2019a pas voulu se laisser faire et s\u2019est rebell\u00e9.<\/p>\n<p>Finalement, le conducteur a \u00e9t\u00e9 interpell\u00e9 et plac\u00e9 en garde \u00e0 vue. \u00c0 l\u2019issue, il s\u2019est vu notifier une convocation devant le tribunal correctionnel de Saint-\u00c9tienne au cours des prochaines semaines.<\/p>\n","protected":false},"excerpt":{"rendered":"Il \u00e9tait environ 23\u00a0h\u00a020, ce jeudi 12\u00a0juin, quand un \u00e9quipage de police secours en faction dans le centre-ville&hellip;\n","protected":false},"author":2,"featured_media":181829,"comment_status":"","ping_status":"","sticky":false,"template":"","format":"standard","meta":{"footnotes":""},"categories":[9653],"tags":[1111,11,2430,271,272,7539,1777,674,274,107,10282,10283,1011,27,3367,12,25,4001],"class_list":{"0":"post-181946","1":"post","2":"type-post","3":"status-publish","4":"format-standard","5":"has-post-thumbnail","7":"category-saint-etienne","8":"tag-actu","9":"tag-actualites","10":"tag-auvergne-rhone-alpes","11":"tag-crime","12":"tag-delit-et-contravention","13":"tag-edition-loire-sud","14":"tag-eu","15":"tag-europe","16":"tag-faits-divers-justice","17":"tag-fil-info","18":"tag-firminy","19":"tag-firminy-ville","20":"tag-fr","21":"tag-france","22":"tag-loire","23":"tag-news","24":"tag-republique-francaise","25":"tag-saint-etienne"},"share_on_mastodon":{"url":"https:\/\/pubeurope.com\/@fr\/114695519852978189","error":""},"_links":{"self":[{"href":"https:\/\/www.europesays.com\/fr\/wp-json\/wp\/v2\/posts\/181946","targetHints":{"allow":["GET"]}}],"collection":[{"href":"https:\/\/www.europesays.com\/fr\/wp-json\/wp\/v2\/posts"}],"about":[{"href":"https:\/\/www.europesays.com\/fr\/wp-json\/wp\/v2\/types\/post"}],"author":[{"embeddable":true,"href":"https:\/\/www.europesays.com\/fr\/wp-json\/wp\/v2\/users\/2"}],"replies":[{"embeddable":true,"href":"https:\/\/www.europesays.com\/fr\/wp-json\/wp\/v2\/comments?post=181946"}],"version-history":[{"count":0,"href":"https:\/\/www.europesays.com\/fr\/wp-json\/wp\/v2\/posts\/181946\/revisions"}],"wp:featuredmedia":[{"embeddable":true,"href":"https:\/\/www.europesays.com\/fr\/wp-json\/wp\/v2\/media\/181829"}],"wp:attachment":[{"href":"https:\/\/www.europesays.com\/fr\/wp-json\/wp\/v2\/media?parent=181946"}],"wp:term":[{"taxonomy":"category","embeddable":true,"href":"https:\/\/www.europesays.com\/fr\/wp-json\/wp\/v2\/categories?post=181946"},{"taxonomy":"post_tag","embeddable":true,"href":"https:\/\/www.europesays.com\/fr\/wp-json\/wp\/v2\/tags?post=181946"}],"curies":[{"name":"wp","href":"https:\/\/api.w.org\/{rel}","templated":true}]}}