{"id":18195,"date":"2025-04-11T20:33:11","date_gmt":"2025-04-11T20:33:11","guid":{"rendered":"https:\/\/www.europesays.com\/fr\/18195\/"},"modified":"2025-04-11T20:33:11","modified_gmt":"2025-04-11T20:33:11","slug":"photographe-de-renom-anne-lise-broyer-enseigne-a-lecole-dart-de-lorient","status":"publish","type":"post","link":"https:\/\/www.europesays.com\/fr\/18195\/","title":{"rendered":"Photographe de renom, Anne-Lise Broyer enseigne \u00e0 l\u2019\u00e9cole d\u2019art de Lorient"},"content":{"rendered":"<p>C\u2019est l\u2019histoire d\u2019un \u0153il qui s\u2019aiguise, au fil de saisissements artistiques. Le premier eut lieu d\u00e8s l\u2019\u00e2ge de ses six ans, lorsqu\u2019Anne-Lise Broyer est inscrite par ses parents \u00e0 des cours de gravure, au sein de l\u2019\u00e9cole des Beaux-Arts de M\u00e2con (Sa\u00f4ne-et-Loire). Pour la fillette, \u00e9lev\u00e9e dans un petit village rural de l\u2019Ain, \u00ab\u00a0coll\u00e9 \u00e0 l\u2019agriculture\u00a0\u00bb, c\u2019est le choc. La litt\u00e9rature va bient\u00f4t la cueillir, et fonder son \u00e9veil \u00e0 la photographie.<\/p>\n<p>\u00ab\u00a0Ne surtout pas fabriquer des clones\u00a0\u00bb<\/p>\n<p>L\u2019amour des mots et de la photo l\u2019a men\u00e9e sur les bords de l\u2019Etna, dans la for\u00eat de Marly ou \u00e0 Lascaux. En 2015, une escale \u00e0 Valparaiso lui vaudra, avec son homologue brestois Ren\u00e9 Tanguy, un prix du festival Photo de Mer de la Ville de Vannes. Anne-Lise Broyer est aujourd\u2019hui \u00e0 Lorient. Son tropisme litt\u00e9raire a tap\u00e9 dans l\u2019\u0153il de l\u2019\u00e9cole sup\u00e9rieure d\u2019art (EESAB), dont l\u2019orientation est, cette ann\u00e9e, centr\u00e9e sur la notion de r\u00e9cit, et les rapports parfois conflictuels entre image et texte. Anne Lise Broyer fait graviter son enseignement autour du rock et de la po\u00e9sie, et cherche \u00e0 \u00ab\u00a0accompagner les \u00e9tudiants et ne surtout pas fabriquer des clones\u00a0\u00bb.<\/p>\n<p>Manier la photo \u00ab\u00a0comme un \u00e9crivain manie la langue\u00a0\u00bb<\/p>\n<p>Anne-Lise Broyer est rock\u2019n\u2019roll. Ses images sont travers\u00e9es de litt\u00e9rature, de cin\u00e9ma, de musique, finalement de tout ce qui n\u2019est pas photographique. Ne pas trop compter sur elle pour disserter sur des expos-photos. \u00ab\u00a0Elles m\u2019emmerdent\u00a0\u00bb, \u00e9vacue-t-elle. \u00ab\u00a0Au d\u00e9but, je ne voulais faire que des livres, \u00eatre le G\u00e9rard Manset de la photo\u00a0\u00bb, dit-elle. \u00c0 l\u2019aide d\u2019un bo\u00eetier Nikon et d\u2019une focale unique, le 50 mm, la plus proche de la vision de l\u2019\u0153il, elle travaille en argentique et tente de manier la photo \u00ab\u00a0comme un \u00e9crivain manie la langue\u00a0\u00bb.<\/p>\n<p>\u00ab\u00a0Le journal de l\u2019\u0153il\u00a0\u00bb<\/p>\n<p>Dans sa qu\u00eate de dialogue entre litt\u00e9rature et image, deux livres lui ont fait l\u2019effet d\u2019une bombe\u00a0: \u00ab\u00a0Le roi des bois\u00a0\u00bb, de Pierre Michon, et \u00ab\u00a0Le coupable\u00a0\u00bb, de Georges Bataille. Elle veut \u00ab\u00a0fixer\u00a0\u00bb l\u2019\u00e9motion que lui ont procur\u00e9e ces deux ouvrages. Elle s\u2019engage finalement dans un travail au long cours sur Georges Bataille, \u00e9crivain mystique et surr\u00e9aliste, et particuli\u00e8rement son livre, \u00ab\u00a0Histoire de l\u2019\u0153il\u00a0\u00bb. Il lui en prendra dix ans pour \u00ab\u00a0traduire en image les obsessions de Bataille et l\u2019effet que me fait son \u00e9criture\u00a0\u00bb. Elle publie, en 2019, \u00ab\u00a0Le journal de l\u2019\u0153il\u00a0\u00bb. Fin d\u2019un cycle.<\/p>\n<p>\u00ab\u00a0Dans la fragilit\u00e9 des soldats\u00a0\u00bb<\/p>\n<p>Difficile d\u2019anticiper la trajectoire d\u2019Anne-Lise Broyer. Elle prend le maquis en disant\u00a0: \u00ab\u00a0C\u2019est comme si j\u2019avais d\u00e9j\u00e0 lu mes photos avant de les voir\u00a0\u00bb. De mai \u00e0 octobre 2023, on la retrouve en r\u00e9sidence au sein du mus\u00e9e de l\u2019Arm\u00e9e. De l\u2019h\u00f4tel national des Invalides, elle saisit l\u2019atmosph\u00e8re en fouillant les archives, pour finalement se focaliser sur la notion d\u2019engagement des soldats, via un versant intime, humain. \u00ab\u00a0On est dans la fragilit\u00e9, la camaraderie, pas du tout dans l\u2019h\u00e9ro\u00efsme\u00a0\u00bb, explique-t-elle. Un livre, \u00ab\u00a0Les attaches\u00a0\u00bb, \u00e0 para\u00eetre en novembre 2025, t\u00e9moignera de ce travail.<\/p>\n<p>Premi\u00e8re artiste officielle en Libye<\/p>\n<p>En 2024, le prix \u00ab\u00a0Ni\u00e9pce Gens d\u2019image\u00a0\u00bb, l\u2019\u00e9quivalent du Goncourt de la photo, a couronn\u00e9 20 ans d\u2019un \u00ab\u00a0voyage entre deux mondes sensibles, celui du regard (la photographie) et celui de la main (l\u2019\u00e9criture)\u00a0\u00bb. Anne-Lise Broyer ne le prend pas comme un b\u00e2ton de mar\u00e9chal. Dans quelques jours, elle s\u2019envole pour la Libye. V\u00eatue d\u2019un gilet pare-balles, prot\u00e9g\u00e9e par une s\u00e9curit\u00e9 priv\u00e9e et le GIGN, elle sera la premi\u00e8re artiste \u00e0 retourner officiellement dans cet \u00c9tat encore livr\u00e9 \u00e0 la violence des milices. L\u00e0 encore, c\u2019est la litt\u00e9rature qui la guide, en l\u2019esp\u00e8ce un texte de Philippe Sollers &#8211; \u00ab\u00a0M\u00e9diterran\u00e9e\u00a0\u00bb &#8211; et une phrase en exergue\u00a0: \u00ab\u00a0Est-ce l\u00e0 que l\u2019on habitait sans le savoir\u00a0?\u00a0\u00bb.<\/p>\n<p>\u00ab\u00a0Je veux \u00eatre dans la retenue\u00a0\u00bb<\/p>\n<p>Elle veut se muer \u00ab\u00a0presque en reporter\u00a0\u00bb et rechercher une dimension \u00e9thique. \u00ab\u00a0Je ne veux pas appuyer la dramaturgie. Je veux \u00eatre dans la retenue, laisser, entre le conflit et moi, le regard du spectateur\u00a0\u00bb. Son p\u00e9riple la m\u00e8nera vers le site antique de Leptis Magna, puis vers le port de Beyrouth et, enfin, en Alg\u00e9rie, au Maroc et en Tunisie. \u00c0 chaque escale l\u2019attendent les vers de po\u00e8tes, qui lui offriront des respirations. Le reste du temps, son objectif de 50 mm viss\u00e9 \u00e0 l\u2019\u0153il, Anne-Lise Broyer sera en apn\u00e9e.<\/p>\n","protected":false},"excerpt":{"rendered":"C\u2019est l\u2019histoire d\u2019un \u0153il qui s\u2019aiguise, au fil de saisissements artistiques. Le premier eut lieu d\u00e8s l\u2019\u00e2ge de&hellip;\n","protected":false},"author":2,"featured_media":18196,"comment_status":"","ping_status":"","sticky":false,"template":"","format":"standard","meta":{"footnotes":""},"categories":[1358],"tags":[1348,1384,1385,829,1386,58,59,1011,27,1781,3729,1756,4853],"class_list":{"0":"post-18195","1":"post","2":"type-post","3":"status-publish","4":"format-standard","5":"has-post-thumbnail","7":"category-arts-et-design","8":"tag-arts","9":"tag-arts-and-design","10":"tag-arts-et-design","11":"tag-bretagne","12":"tag-design","13":"tag-divertissement","14":"tag-entertainment","15":"tag-fr","16":"tag-france","17":"tag-lorient","18":"tag-morbihan","19":"tag-photographie","20":"tag-portraits"},"share_on_mastodon":{"url":"https:\/\/pubeurope.com\/@fr\/114321241118330924","error":""},"_links":{"self":[{"href":"https:\/\/www.europesays.com\/fr\/wp-json\/wp\/v2\/posts\/18195","targetHints":{"allow":["GET"]}}],"collection":[{"href":"https:\/\/www.europesays.com\/fr\/wp-json\/wp\/v2\/posts"}],"about":[{"href":"https:\/\/www.europesays.com\/fr\/wp-json\/wp\/v2\/types\/post"}],"author":[{"embeddable":true,"href":"https:\/\/www.europesays.com\/fr\/wp-json\/wp\/v2\/users\/2"}],"replies":[{"embeddable":true,"href":"https:\/\/www.europesays.com\/fr\/wp-json\/wp\/v2\/comments?post=18195"}],"version-history":[{"count":0,"href":"https:\/\/www.europesays.com\/fr\/wp-json\/wp\/v2\/posts\/18195\/revisions"}],"wp:featuredmedia":[{"embeddable":true,"href":"https:\/\/www.europesays.com\/fr\/wp-json\/wp\/v2\/media\/18196"}],"wp:attachment":[{"href":"https:\/\/www.europesays.com\/fr\/wp-json\/wp\/v2\/media?parent=18195"}],"wp:term":[{"taxonomy":"category","embeddable":true,"href":"https:\/\/www.europesays.com\/fr\/wp-json\/wp\/v2\/categories?post=18195"},{"taxonomy":"post_tag","embeddable":true,"href":"https:\/\/www.europesays.com\/fr\/wp-json\/wp\/v2\/tags?post=18195"}],"curies":[{"name":"wp","href":"https:\/\/api.w.org\/{rel}","templated":true}]}}