{"id":181952,"date":"2025-06-16T23:01:18","date_gmt":"2025-06-16T23:01:18","guid":{"rendered":"https:\/\/www.europesays.com\/fr\/181952\/"},"modified":"2025-06-16T23:01:18","modified_gmt":"2025-06-16T23:01:18","slug":"a-la-garde-le-parking-silo-premiere-phase-du-projet-coeur-de-ville","status":"publish","type":"post","link":"https:\/\/www.europesays.com\/fr\/181952\/","title":{"rendered":"\u00c0 La Garde, le parking silo, premi\u00e8re phase du projet C\u0153ur de Ville"},"content":{"rendered":"<p>                    <img loading=\"lazy\" decoding=\"async\" src=\"https:\/\/www.europesays.com\/fr\/wp-content\/uploads\/2025\/06\/888badaaef2be3208170eb0c8de4b0.jpg\" class=\"img-responsive post-image\" width=\"680\" height=\"510\" alt=\"\u00c0 La Garde, le parking\" title=\"\u00c0 La Garde, le parking silo, premi\u00e8re phase du projet C\u0153ur de Ville\"\/><\/p>\n<p class=\"chapo\">H\u00e9l\u00e8ne Arnaud-Bill, maire de La Garde, accompagn\u00e9e des \u00e9lus de la Ville, a effectu\u00e9 une visite du chantier pour faire le point sur les travaux en cours.<\/p>\n<p>Le projet C\u0153ur de Ville continue de se concr\u00e9tiser avec la mise en place d\u2019une nouvelle infrastructure essentielle, \u00e0 savoir un parking silo. Ce projet ambitieux vise \u00e0 r\u00e9pondre aux besoins croissants de stationnement en centre-ville tout en am\u00e9liorant l\u2019accessibilit\u00e9 et en cr\u00e9ant davantage d\u2019espaces verts. La premi\u00e8re phase des travaux, qui se d\u00e9roule actuellement, marque une \u00e9tape importante dans cette transformation urbaine. Le projet se poursuit avec la promesse d\u2019un centre-ville plus vert, plus accessible, et plus agr\u00e9able \u00e0 vivre.<\/p>\n<p>STATIONNEMENT GRATUIT<\/p>\n<p>\u00ab\u00a0Le chantier, qui occupe une surface de 8 254 m\u00b2, avance \u00e0 grands pas. Ce parking silo offrira 216 places de stationnement gratuites, dont 11 r\u00e9serv\u00e9es aux v\u00e9hicules \u00e9lectriques ainsi que 18 emplacements pour les motos et un espace d\u00e9di\u00e9 aux v\u00e9los. Ce sera un lieu de stationnement pratique et adapt\u00e9 aux nouvelles exigences environnementales, notamment avec la pr\u00e9sence de bornes de recharge pour v\u00e9hicules \u00e9lectriques\u00a0\u00bb, d\u00e9taille la premi\u00e8re magistrate. \u00c0 proximit\u00e9 du futur parc urbain, 42 places suppl\u00e9mentaires seront am\u00e9nag\u00e9es portant le total \u00e0 258 places de stationnement gratuites pour les Gard\u00e9ens.<br class=\"autobr\"\/><br \/>\n\u00ab\u00a0 Ce projet r\u00e9pond \u00e0 une demande forte exprim\u00e9e par les habitants lors des concertations publiques men\u00e9es par la municipalit\u00e9, visant \u00e0 am\u00e9liorer la mobilit\u00e9 et \u00e0 pr\u00e9server un cadre de vie agr\u00e9able en centre-ville\u00a0\u00bb, ajoute la maire.<br class=\"autobr\"\/><br \/>\nEn attendant la fin des travaux, un parking provisoire de 150 places a \u00e9t\u00e9 am\u00e9nag\u00e9 \u00e0 l\u2019emplacement du stade Accusano. Depuis le 13 d\u00e9cembre, les Gard\u00e9ens peuvent y acc\u00e9der, avec une entr\u00e9e et une sortie, situ\u00e9es sur l\u2019avenue Franklin Roosevelt. Des acc\u00e8s pi\u00e9tons ont \u00e9t\u00e9 ouverts au niveau des avenues Stalingrad (vers la mairie), Jacques Duclos (vers le Plan) et Franklin Roosevelt (vers Paul Langevin). Un petit espace de stationnement, d\u2019une dizaine de places, reste accessible \u00e0 l\u2019extr\u00e9mit\u00e9 Sud du parking de La Poste, jusqu\u2019au d\u00e9marrage des travaux du futur parc urbain.<\/p>\n<p>PARC URBAIN<\/p>\n<p>Le futur parc urbain, d\u00e9velopp\u00e9 \u00e0 deux pas du Plan de La Garde, constituera une bouff\u00e9e d\u2019oxyg\u00e8ne pour la ville.<br class=\"autobr\"\/><br \/>\n\u00ab\u00a0 Il transformera l\u2019entr\u00e9e Sud de la commune en un lieu de d\u00e9tente et de loisirs pour les habitants. 266 arbres seront plant\u00e9s, un cours d\u2019eau traversera le parc et de nombreux espaces de loisirs seront am\u00e9nag\u00e9s, incluant des jeux pour enfants, un th\u00e9\u00e2tre de verdure, un bloc d\u2019escalade, ainsi qu\u2019un food truck pour les moments conviviaux. Des cheminements pi\u00e9tonniers v\u00e9g\u00e9talis\u00e9s desserviront l\u2019ensemble du site, ainsi que le parking silo, son p\u00f4le de services, les \u00e9coles Zunino, l\u2019\u00e9colo-cr\u00e8che les Lucioles, et la Place de la R\u00e9publique \u00a0\u00bb, d\u00e9taille H\u00e9l\u00e8ne Arnaud-Bill.<\/p>\n<p>Ce projet combinant nature et mobilit\u00e9 vise \u00e0 cr\u00e9er un environnement urbain harmonieux et fonctionnel pour les Gard\u00e9ens. Une fois termin\u00e9s, le parking silo et le parc urbain offriront une nouvelle dynamique en c\u0153ur de ville, facilitant l\u2019acc\u00e8s au centre-ville et la qualit\u00e9 de vie des r\u00e9sidents.<\/p>\n<p>Photo de Une \u00a9PRESSE AGENCE<\/p>\n","protected":false},"excerpt":{"rendered":"H\u00e9l\u00e8ne Arnaud-Bill, maire de La Garde, accompagn\u00e9e des \u00e9lus de la Ville, a effectu\u00e9 une visite du chantier&hellip;\n","protected":false},"author":2,"featured_media":181953,"comment_status":"","ping_status":"","sticky":false,"template":"","format":"standard","meta":{"footnotes":""},"categories":[9619],"tags":[1111,11,2408,1777,674,1011,27,12,882,25,2310],"class_list":{"0":"post-181952","1":"post","2":"type-post","3":"status-publish","4":"format-standard","5":"has-post-thumbnail","7":"category-toulon","8":"tag-actu","9":"tag-actualites","10":"tag-appels-d","11":"tag-eu","12":"tag-europe","13":"tag-fr","14":"tag-france","15":"tag-news","16":"tag-provence-alpes-cote-dazur","17":"tag-republique-francaise","18":"tag-toulon"},"share_on_mastodon":{"url":"https:\/\/pubeurope.com\/@fr\/114695535584272390","error":""},"_links":{"self":[{"href":"https:\/\/www.europesays.com\/fr\/wp-json\/wp\/v2\/posts\/181952","targetHints":{"allow":["GET"]}}],"collection":[{"href":"https:\/\/www.europesays.com\/fr\/wp-json\/wp\/v2\/posts"}],"about":[{"href":"https:\/\/www.europesays.com\/fr\/wp-json\/wp\/v2\/types\/post"}],"author":[{"embeddable":true,"href":"https:\/\/www.europesays.com\/fr\/wp-json\/wp\/v2\/users\/2"}],"replies":[{"embeddable":true,"href":"https:\/\/www.europesays.com\/fr\/wp-json\/wp\/v2\/comments?post=181952"}],"version-history":[{"count":0,"href":"https:\/\/www.europesays.com\/fr\/wp-json\/wp\/v2\/posts\/181952\/revisions"}],"wp:featuredmedia":[{"embeddable":true,"href":"https:\/\/www.europesays.com\/fr\/wp-json\/wp\/v2\/media\/181953"}],"wp:attachment":[{"href":"https:\/\/www.europesays.com\/fr\/wp-json\/wp\/v2\/media?parent=181952"}],"wp:term":[{"taxonomy":"category","embeddable":true,"href":"https:\/\/www.europesays.com\/fr\/wp-json\/wp\/v2\/categories?post=181952"},{"taxonomy":"post_tag","embeddable":true,"href":"https:\/\/www.europesays.com\/fr\/wp-json\/wp\/v2\/tags?post=181952"}],"curies":[{"name":"wp","href":"https:\/\/api.w.org\/{rel}","templated":true}]}}