{"id":181964,"date":"2025-06-16T23:10:09","date_gmt":"2025-06-16T23:10:09","guid":{"rendered":"https:\/\/www.europesays.com\/fr\/181964\/"},"modified":"2025-06-16T23:10:09","modified_gmt":"2025-06-16T23:10:09","slug":"previsions-du-mardi-17-juin-2025","status":"publish","type":"post","link":"https:\/\/www.europesays.com\/fr\/181964\/","title":{"rendered":"pr\u00e9visions du mardi 17 juin 2025"},"content":{"rendered":"<p>Un magnifique soleil va briller sur Rennes et ce, tout au long de la journ\u00e9e. Les maximales pourront atteindre 28\u00b0C tandis que les minimales seront de 11\u00b0C. Les valeurs avoisineront les 21\u00b0C dans la matin\u00e9e. Une modeste brise de nord-est sera ressentie par les habitants. Un temps plus chaud est attendu l&rsquo;apr\u00e8s-midi \u00e9tant donn\u00e9 que les temp\u00e9ratures vont conna\u00eetre une augmentation. Les valeurs seront de 24\u00b0C au plus bas et de 28\u00b0C au plus haut. Il fera en moyenne 19\u00b0C, le soir. Le ciel sera clair dans la nuit de mardi \u00e0 mercredi.<\/p>\n<p>Demain, un grand soleil brillera sur Rennes. L&rsquo;air ambiant va se r\u00e9chauffer avec une hausse de quelques degr\u00e9s. Il va faire 21\u00b0C en moyenne. Un vent de nord-est rafra\u00eechira l\u00e9g\u00e8rement l&rsquo;atmosph\u00e8re. Le matin, le mercure affichera 22\u00b0C en moyenne. Les temp\u00e9ratures vont enregistrer une augmentation de plusieurs degr\u00e9s pendant l&rsquo;apr\u00e8s-midi. Les valeurs seront comprises entre 25\u00b0C et 29\u00b0C.<\/p>\n<p>Peu d&rsquo;\u00e9volutions pour la suite. Le temps sera ensoleill\u00e9 avec des temp\u00e9ratures avoisinant 25\u00b0C.<\/p>\n<p><\/p>\n","protected":false},"excerpt":{"rendered":"Un magnifique soleil va briller sur Rennes et ce, tout au long de la journ\u00e9e. Les maximales pourront&hellip;\n","protected":false},"author":2,"featured_media":181965,"comment_status":"","ping_status":"","sticky":false,"template":"","format":"standard","meta":{"footnotes":""},"categories":[2821],"tags":[1111,11,829,1777,674,1011,27,848,12,2119,584,25],"class_list":{"0":"post-181964","1":"post","2":"type-post","3":"status-publish","4":"format-standard","5":"has-post-thumbnail","7":"category-rennes","8":"tag-actu","9":"tag-actualites","10":"tag-bretagne","11":"tag-eu","12":"tag-europe","13":"tag-fr","14":"tag-france","15":"tag-ille-et-vilaine","16":"tag-news","17":"tag-previsions-meteo","18":"tag-rennes","19":"tag-republique-francaise"},"share_on_mastodon":{"url":"https:\/\/pubeurope.com\/@fr\/114695570961730377","error":""},"_links":{"self":[{"href":"https:\/\/www.europesays.com\/fr\/wp-json\/wp\/v2\/posts\/181964","targetHints":{"allow":["GET"]}}],"collection":[{"href":"https:\/\/www.europesays.com\/fr\/wp-json\/wp\/v2\/posts"}],"about":[{"href":"https:\/\/www.europesays.com\/fr\/wp-json\/wp\/v2\/types\/post"}],"author":[{"embeddable":true,"href":"https:\/\/www.europesays.com\/fr\/wp-json\/wp\/v2\/users\/2"}],"replies":[{"embeddable":true,"href":"https:\/\/www.europesays.com\/fr\/wp-json\/wp\/v2\/comments?post=181964"}],"version-history":[{"count":0,"href":"https:\/\/www.europesays.com\/fr\/wp-json\/wp\/v2\/posts\/181964\/revisions"}],"wp:featuredmedia":[{"embeddable":true,"href":"https:\/\/www.europesays.com\/fr\/wp-json\/wp\/v2\/media\/181965"}],"wp:attachment":[{"href":"https:\/\/www.europesays.com\/fr\/wp-json\/wp\/v2\/media?parent=181964"}],"wp:term":[{"taxonomy":"category","embeddable":true,"href":"https:\/\/www.europesays.com\/fr\/wp-json\/wp\/v2\/categories?post=181964"},{"taxonomy":"post_tag","embeddable":true,"href":"https:\/\/www.europesays.com\/fr\/wp-json\/wp\/v2\/tags?post=181964"}],"curies":[{"name":"wp","href":"https:\/\/api.w.org\/{rel}","templated":true}]}}