{"id":181972,"date":"2025-06-16T23:14:26","date_gmt":"2025-06-16T23:14:26","guid":{"rendered":"https:\/\/www.europesays.com\/fr\/181972\/"},"modified":"2025-06-16T23:14:26","modified_gmt":"2025-06-16T23:14:26","slug":"le-barreau-de-nice-et-les-ecoliers-nicois-mobilises-contre-la-pollution","status":"publish","type":"post","link":"https:\/\/www.europesays.com\/fr\/181972\/","title":{"rendered":"Le Barreau de Nice et les \u00e9coliers ni\u00e7ois mobilis\u00e9s contre la pollution (\u2026)"},"content":{"rendered":"<p>                    <img loading=\"lazy\" decoding=\"async\" src=\"https:\/\/www.europesays.com\/fr\/wp-content\/uploads\/2025\/06\/9d8c76f63e4d6886d84cf68200dbde.png\" class=\"img-responsive post-image\" width=\"680\" height=\"510\" alt=\"Le Barreau de Nice et (\u2026)\" title=\"Le Barreau de Nice et les \u00e9coliers ni\u00e7ois mobilis\u00e9s contre la pollution sonore des oc\u00e9ans\"\/><\/p>\n<p class=\"chapo\">\u00c0 l\u2019initiative du Barreau de Nice et en partenariat avec les \u00e9l\u00e8ves de CM2 de l\u2019\u00e9cole Ronch\u00e8se, une conf\u00e9rence publique exceptionnelle se tiendra le jeudi 19 juin 2025 \u00e0 14h30, au Palais des Rois Sardes, rue de la Pr\u00e9fecture \u00e0 Nice. L\u2019\u00e9v\u00e9nement s\u2019inscrit dans le cadre du projet \u00ab\u00a0Parlement des enfants\u00a0\u00bb et vise \u00e0 porter la voix des plus jeunes en mati\u00e8re de l\u00e9gislation environnementale.<\/p>\n<p>Port\u00e9e par <strong>Ma\u00eetre Jean-Jacques Ninon,<\/strong> avocat honoraire, cette conf\u00e9rence mettra en lumi\u00e8re une <strong>proposition de loi in\u00e9dite \u00e9labor\u00e9e par les \u00e9colier<\/strong>s, visant \u00e0 lutter contre la pollution sonore des oc\u00e9ans \u2013 une menace invisible mais r\u00e9elle pour les \u00e9cosyst\u00e8mes marins.<\/p>\n<p>Un impact dramatique sur la faune et la flore marines<\/p>\n<p>Souvent \u00e9clips\u00e9e par les images marquantes de la pollution plastique ou des mar\u00e9es noires, la pollution sonore d\u2019origine humaine (sonars, h\u00e9lices de bateaux, prospection d\u2019\u00e9nergies fossiles, \u00e9oliennes en mer&#8230;) a pourtant un impact dramatique sur la faune et la flore marines. <strong>En sensibilisant le public \u00e0 cette probl\u00e9matique m\u00e9connue, les jeunes citoyens esp\u00e8rent susciter une prise de conscience et encourager des mesures concr\u00e8tes de protection.<\/strong><\/p>\n<p>Le Barreau de Nice invite chaleureusement les citoyens, les familles, les enfants et les petits-enfants \u00e0 venir nombreux assister \u00e0 cet \u00e9v\u00e9nement \u00e9ducatif et engag\u00e9, d\u00e9montrant que la d\u00e9fense de notre bien commun \u2013 les oc\u00e9ans \u2013 commence d\u00e8s le plus jeune \u00e2ge.<\/p>\n<p>Un programme riche et inspirant vous attend. Ne manquez pas cette occasion de d\u00e9couvrir l\u2019engagement citoyen des enfants pour un avenir plus durable le jeudi 19 juin 2025 14h30 Palais des Rois Sardes \u00e0 Nice.<\/p>\n<p>Visuel de Une\u00a0: illustration \u00a9DR<\/p>\n","protected":false},"excerpt":{"rendered":"\u00c0 l\u2019initiative du Barreau de Nice et en partenariat avec les \u00e9l\u00e8ves de CM2 de l\u2019\u00e9cole Ronch\u00e8se, une&hellip;\n","protected":false},"author":2,"featured_media":181973,"comment_status":"","ping_status":"","sticky":false,"template":"","format":"standard","meta":{"footnotes":""},"categories":[2819],"tags":[1111,11,2408,1777,674,1011,27,12,2401,882,25],"class_list":{"0":"post-181972","1":"post","2":"type-post","3":"status-publish","4":"format-standard","5":"has-post-thumbnail","7":"category-nice","8":"tag-actu","9":"tag-actualites","10":"tag-appels-d","11":"tag-eu","12":"tag-europe","13":"tag-fr","14":"tag-france","15":"tag-news","16":"tag-nice","17":"tag-provence-alpes-cote-dazur","18":"tag-republique-francaise"},"share_on_mastodon":{"url":"https:\/\/pubeurope.com\/@fr\/114695586812581080","error":""},"_links":{"self":[{"href":"https:\/\/www.europesays.com\/fr\/wp-json\/wp\/v2\/posts\/181972","targetHints":{"allow":["GET"]}}],"collection":[{"href":"https:\/\/www.europesays.com\/fr\/wp-json\/wp\/v2\/posts"}],"about":[{"href":"https:\/\/www.europesays.com\/fr\/wp-json\/wp\/v2\/types\/post"}],"author":[{"embeddable":true,"href":"https:\/\/www.europesays.com\/fr\/wp-json\/wp\/v2\/users\/2"}],"replies":[{"embeddable":true,"href":"https:\/\/www.europesays.com\/fr\/wp-json\/wp\/v2\/comments?post=181972"}],"version-history":[{"count":0,"href":"https:\/\/www.europesays.com\/fr\/wp-json\/wp\/v2\/posts\/181972\/revisions"}],"wp:featuredmedia":[{"embeddable":true,"href":"https:\/\/www.europesays.com\/fr\/wp-json\/wp\/v2\/media\/181973"}],"wp:attachment":[{"href":"https:\/\/www.europesays.com\/fr\/wp-json\/wp\/v2\/media?parent=181972"}],"wp:term":[{"taxonomy":"category","embeddable":true,"href":"https:\/\/www.europesays.com\/fr\/wp-json\/wp\/v2\/categories?post=181972"},{"taxonomy":"post_tag","embeddable":true,"href":"https:\/\/www.europesays.com\/fr\/wp-json\/wp\/v2\/tags?post=181972"}],"curies":[{"name":"wp","href":"https:\/\/api.w.org\/{rel}","templated":true}]}}