{"id":181976,"date":"2025-06-16T23:16:09","date_gmt":"2025-06-16T23:16:09","guid":{"rendered":"https:\/\/www.europesays.com\/fr\/181976\/"},"modified":"2025-06-16T23:16:09","modified_gmt":"2025-06-16T23:16:09","slug":"previsions-du-mardi-17-juin-2025-3","status":"publish","type":"post","link":"https:\/\/www.europesays.com\/fr\/181976\/","title":{"rendered":"pr\u00e9visions du mardi 17 juin 2025"},"content":{"rendered":"<p>La journ\u00e9e qui s&rsquo;annonce \u00e0 Nantes, promet d&rsquo;\u00eatre superbe et ensoleill\u00e9e ! Il va faire 22\u00b0C en moyenne. Une petite brise de nord-est soufflera. Le matin, on pr\u00e9voit des valeurs avoisinant 22\u00b0C. Les temp\u00e9ratures vont conna\u00eetre une hausse de plusieurs degr\u00e9s pendant l&rsquo;apr\u00e8s-midi. De tr\u00e8s fortes chaleurs (entre 28\u00b0C et 30\u00b0C) sont pr\u00e9vues. Les temp\u00e9ratures seront de 28\u00b0C au plus bas et de 30\u00b0C au maximum. Il fera environ 25\u00b0C, le soir. Entre mardi et mercredi, la nuit sera claire.<\/p>\n<p>Demain, un grand soleil rayonnera sur Nantes. Une m\u00e9t\u00e9o plus chaude est attendue puisque les temp\u00e9ratures vont enregistrer une augmentation. Les valeurs maximums annonc\u00e9es sont \u00e9lev\u00e9es, avec 32\u00b0C. Les temp\u00e9ratures s&rsquo;\u00e9chelonneront entre 14 et 32\u00b0C. Un vent de nord-est rafra\u00eechira l\u00e9g\u00e8rement l&rsquo;atmosph\u00e8re. Les valeurs avoisineront les 23\u00b0C dans la matin\u00e9e. Demain apr\u00e8s-midi, c&rsquo;est une hausse de plusieurs degr\u00e9s que vont conna\u00eetre les temp\u00e9ratures. Ces valeurs \u00e9volueront entre 30 et 32\u2009\u00b0C. La ville va ressentir d&rsquo;importantes chaleurs avec des valeurs qui devraient grimper jusqu&rsquo;\u00e0 31\u00b0C demain soir.<\/p>\n<p>Les jours qui suivent s&rsquo;annoncent identiques. Une m\u00e9t\u00e9o ensoleill\u00e9e, avec des temp\u00e9ratures de 27\u00b0C en moyenne, est pr\u00e9vue.<\/p>\n<p><\/p>\n","protected":false},"excerpt":{"rendered":"La journ\u00e9e qui s&rsquo;annonce \u00e0 Nantes, promet d&rsquo;\u00eatre superbe et ensoleill\u00e9e ! Il va faire 22\u00b0C en moyenne.&hellip;\n","protected":false},"author":2,"featured_media":181977,"comment_status":"","ping_status":"","sticky":false,"template":"","format":"standard","meta":{"footnotes":""},"categories":[2818],"tags":[1111,11,1777,674,1011,27,3047,766,12,2636,2119,25],"class_list":{"0":"post-181976","1":"post","2":"type-post","3":"status-publish","4":"format-standard","5":"has-post-thumbnail","7":"category-nantes","8":"tag-actu","9":"tag-actualites","10":"tag-eu","11":"tag-europe","12":"tag-fr","13":"tag-france","14":"tag-loire-atlantique","15":"tag-nantes","16":"tag-news","17":"tag-pays-de-la-loire","18":"tag-previsions-meteo","19":"tag-republique-francaise"},"share_on_mastodon":{"url":"https:\/\/pubeurope.com\/@fr\/114695594523945248","error":""},"_links":{"self":[{"href":"https:\/\/www.europesays.com\/fr\/wp-json\/wp\/v2\/posts\/181976","targetHints":{"allow":["GET"]}}],"collection":[{"href":"https:\/\/www.europesays.com\/fr\/wp-json\/wp\/v2\/posts"}],"about":[{"href":"https:\/\/www.europesays.com\/fr\/wp-json\/wp\/v2\/types\/post"}],"author":[{"embeddable":true,"href":"https:\/\/www.europesays.com\/fr\/wp-json\/wp\/v2\/users\/2"}],"replies":[{"embeddable":true,"href":"https:\/\/www.europesays.com\/fr\/wp-json\/wp\/v2\/comments?post=181976"}],"version-history":[{"count":0,"href":"https:\/\/www.europesays.com\/fr\/wp-json\/wp\/v2\/posts\/181976\/revisions"}],"wp:featuredmedia":[{"embeddable":true,"href":"https:\/\/www.europesays.com\/fr\/wp-json\/wp\/v2\/media\/181977"}],"wp:attachment":[{"href":"https:\/\/www.europesays.com\/fr\/wp-json\/wp\/v2\/media?parent=181976"}],"wp:term":[{"taxonomy":"category","embeddable":true,"href":"https:\/\/www.europesays.com\/fr\/wp-json\/wp\/v2\/categories?post=181976"},{"taxonomy":"post_tag","embeddable":true,"href":"https:\/\/www.europesays.com\/fr\/wp-json\/wp\/v2\/tags?post=181976"}],"curies":[{"name":"wp","href":"https:\/\/api.w.org\/{rel}","templated":true}]}}