{"id":181980,"date":"2025-06-16T23:18:09","date_gmt":"2025-06-16T23:18:09","guid":{"rendered":"https:\/\/www.europesays.com\/fr\/181980\/"},"modified":"2025-06-16T23:18:09","modified_gmt":"2025-06-16T23:18:09","slug":"previsions-du-mardi-17-juin-2025-4","status":"publish","type":"post","link":"https:\/\/www.europesays.com\/fr\/181980\/","title":{"rendered":"pr\u00e9visions du mardi 17 juin 2025"},"content":{"rendered":"<p>C&rsquo;est une magnifique journ\u00e9e dont va b\u00e9n\u00e9ficier Bordeaux, o\u00f9 le soleil va briller avec force. Les valeurs afficheront entre 15\u00b0C et 32\u00b0C. Il fera environ 24\u00b0C, le matin. Une petite brise de nord-est sera ressentie par les habitants. Les temp\u00e9ratures vont grimper pendant l&rsquo;apr\u00e8s-midi de plusieurs degr\u00e9s. La ville va conna\u00eetre un passage d&rsquo;importantes chaleurs avec des temp\u00e9ratures qui atteindront parfois les 32\u00b0C. Pendant votre sommeil, dans la nuit de mardi \u00e0 mercredi, le ciel sera clair.<\/p>\n<p>Demain, un beau soleil brillera sur Bordeaux. La m\u00e9t\u00e9o va se r\u00e9chauffer avec une augmentation de quelques degr\u00e9s. La p\u00e9riode de grosses chaleurs est bien l\u00e0, avec des valeurs qui pourront monter jusqu&rsquo;\u00e0 34\u00b0C. Les temp\u00e9ratures s&rsquo;\u00e9chelonneront entre 17 et 34\u00b0C. Un vent de nord-est rafra\u00eechira l\u00e9g\u00e8rement l&rsquo;atmosph\u00e8re. Attention \u00e0 la vague de chaleur dans la matin\u00e9e. Des valeurs de 20 \u00e0 31\u00b0C sont annonc\u00e9es. Les temp\u00e9ratures vont enregistrer une hausse de plusieurs degr\u00e9s au cours de l&rsquo;apr\u00e8s-midi. La ville va souffrir des fortes chaleurs avec des temp\u00e9ratures qui devraient grimper \u00e0 34\u00b0C. D\u00e8s demain soir, les valeurs \u00e9volueront entre 25 et 32\u2009\u00b0C.<\/p>\n<p>Les jours s&rsquo;encha\u00eenent et se ressemblent. Il fera 29\u00b0C en moyenne pour des journ\u00e9es avec un temps ensoleill\u00e9.<\/p>\n<p>M\u00eame si l&rsquo;on peut appr\u00e9cier la chaleur, il ne faut cependant pas oublier de s&rsquo;en prot\u00e9ger et surtout rester vigilant vis-\u00e0-vis des personnes les plus sensibles. Une bonne hydratation et de l&rsquo;\u00e9cran solaire sont indispensables face au soleil.<\/p>\n","protected":false},"excerpt":{"rendered":"C&rsquo;est une magnifique journ\u00e9e dont va b\u00e9n\u00e9ficier Bordeaux, o\u00f9 le soleil va briller avec force. Les valeurs afficheront&hellip;\n","protected":false},"author":2,"featured_media":181981,"comment_status":"","ping_status":"","sticky":false,"template":"","format":"standard","meta":{"footnotes":""},"categories":[2817],"tags":[1111,11,3177,1997,1777,674,1011,27,2905,12,2219,2119,25],"class_list":{"0":"post-181980","1":"post","2":"type-post","3":"status-publish","4":"format-standard","5":"has-post-thumbnail","7":"category-bordeaux","8":"tag-actu","9":"tag-actualites","10":"tag-aquitaine","11":"tag-bordeaux","12":"tag-eu","13":"tag-europe","14":"tag-fr","15":"tag-france","16":"tag-gironde","17":"tag-news","18":"tag-nouvelle-aquitaine","19":"tag-previsions-meteo","20":"tag-republique-francaise"},"share_on_mastodon":{"url":"https:\/\/pubeurope.com\/@fr\/114695602527802463","error":""},"_links":{"self":[{"href":"https:\/\/www.europesays.com\/fr\/wp-json\/wp\/v2\/posts\/181980","targetHints":{"allow":["GET"]}}],"collection":[{"href":"https:\/\/www.europesays.com\/fr\/wp-json\/wp\/v2\/posts"}],"about":[{"href":"https:\/\/www.europesays.com\/fr\/wp-json\/wp\/v2\/types\/post"}],"author":[{"embeddable":true,"href":"https:\/\/www.europesays.com\/fr\/wp-json\/wp\/v2\/users\/2"}],"replies":[{"embeddable":true,"href":"https:\/\/www.europesays.com\/fr\/wp-json\/wp\/v2\/comments?post=181980"}],"version-history":[{"count":0,"href":"https:\/\/www.europesays.com\/fr\/wp-json\/wp\/v2\/posts\/181980\/revisions"}],"wp:featuredmedia":[{"embeddable":true,"href":"https:\/\/www.europesays.com\/fr\/wp-json\/wp\/v2\/media\/181981"}],"wp:attachment":[{"href":"https:\/\/www.europesays.com\/fr\/wp-json\/wp\/v2\/media?parent=181980"}],"wp:term":[{"taxonomy":"category","embeddable":true,"href":"https:\/\/www.europesays.com\/fr\/wp-json\/wp\/v2\/categories?post=181980"},{"taxonomy":"post_tag","embeddable":true,"href":"https:\/\/www.europesays.com\/fr\/wp-json\/wp\/v2\/tags?post=181980"}],"curies":[{"name":"wp","href":"https:\/\/api.w.org\/{rel}","templated":true}]}}