{"id":181984,"date":"2025-06-16T23:20:10","date_gmt":"2025-06-16T23:20:10","guid":{"rendered":"https:\/\/www.europesays.com\/fr\/181984\/"},"modified":"2025-06-16T23:20:10","modified_gmt":"2025-06-16T23:20:10","slug":"previsions-du-mardi-17-juin-2025-5","status":"publish","type":"post","link":"https:\/\/www.europesays.com\/fr\/181984\/","title":{"rendered":"pr\u00e9visions du mardi 17 juin 2025"},"content":{"rendered":"<p>Un splendide soleil brillera sur Toulouse, o\u00f9 la journ\u00e9e sera des plus agr\u00e9ables. Les valeurs s&rsquo;\u00e9chelonneront de 15 \u00e0 30\u00b0C. Un vent de nord-ouest soufflera l\u00e9g\u00e8rement. Le matin, on anticipe des temp\u00e9ratures d&rsquo;environ 23\u00b0C. L&rsquo;apr\u00e8s-midi, c&rsquo;est une hausse de plusieurs degr\u00e9s que vont enregistrer les temp\u00e9ratures. La ville va conna\u00eetre une vague de fortes chaleurs avec des valeurs qui atteindront parfois les 30\u00b0C. Les temp\u00e9ratures afficheront entre 29\u00b0C et 30\u00b0C. Il va faire en moyenne 24\u00b0C, le soir. Le ciel sera limpide dans la nuit de mardi \u00e0 mercredi.<\/p>\n<p>C&rsquo;est un soleil radieux qui va briller demain sur Toulouse. Une m\u00e9t\u00e9o plus chaude est pr\u00e9vue puisque les temp\u00e9ratures vont conna\u00eetre une augmentation. Prenez garde \u00e0 la vague de chaud. Des valeurs de 16 \u00e0 32\u00b0C sont annonc\u00e9es. Les temp\u00e9ratures seront comprises entre 16 et 32\u00b0C. Un vent de nord-ouest soufflera l\u00e9g\u00e8rement, avec 7 km\/h dans la matin\u00e9e. Les temp\u00e9ratures vont enregistrer une hausse de plusieurs degr\u00e9s lors de l&rsquo;apr\u00e8s-midi. La ville va p\u00e2tir des grosses chaleurs avec des valeurs qui devraient grimper jusqu&rsquo;\u00e0 32\u00b0C. Une petite brise de nord-est soufflera au cours de la soir\u00e9e.<\/p>\n<p>Le temps restera inchang\u00e9 les jours \u00e0 venir. Comptez sur 27\u00b0C en moyenne qui accompagneront des journ\u00e9es ensoleill\u00e9es.<\/p>\n<p><\/p>\n","protected":false},"excerpt":{"rendered":"Un splendide soleil brillera sur Toulouse, o\u00f9 la journ\u00e9e sera des plus agr\u00e9ables. Les valeurs s&rsquo;\u00e9chelonneront de 15&hellip;\n","protected":false},"author":2,"featured_media":181985,"comment_status":"","ping_status":"","sticky":false,"template":"","format":"standard","meta":{"footnotes":""},"categories":[2816],"tags":[1111,11,1777,674,1011,27,2722,2721,12,2680,2119,25,2312],"class_list":{"0":"post-181984","1":"post","2":"type-post","3":"status-publish","4":"format-standard","5":"has-post-thumbnail","7":"category-toulouse","8":"tag-actu","9":"tag-actualites","10":"tag-eu","11":"tag-europe","12":"tag-fr","13":"tag-france","14":"tag-haute-garonne","15":"tag-midi-pyrenees","16":"tag-news","17":"tag-occitanie","18":"tag-previsions-meteo","19":"tag-republique-francaise","20":"tag-toulouse"},"share_on_mastodon":{"url":"https:\/\/pubeurope.com\/@fr\/114695610250410048","error":""},"_links":{"self":[{"href":"https:\/\/www.europesays.com\/fr\/wp-json\/wp\/v2\/posts\/181984","targetHints":{"allow":["GET"]}}],"collection":[{"href":"https:\/\/www.europesays.com\/fr\/wp-json\/wp\/v2\/posts"}],"about":[{"href":"https:\/\/www.europesays.com\/fr\/wp-json\/wp\/v2\/types\/post"}],"author":[{"embeddable":true,"href":"https:\/\/www.europesays.com\/fr\/wp-json\/wp\/v2\/users\/2"}],"replies":[{"embeddable":true,"href":"https:\/\/www.europesays.com\/fr\/wp-json\/wp\/v2\/comments?post=181984"}],"version-history":[{"count":0,"href":"https:\/\/www.europesays.com\/fr\/wp-json\/wp\/v2\/posts\/181984\/revisions"}],"wp:featuredmedia":[{"embeddable":true,"href":"https:\/\/www.europesays.com\/fr\/wp-json\/wp\/v2\/media\/181985"}],"wp:attachment":[{"href":"https:\/\/www.europesays.com\/fr\/wp-json\/wp\/v2\/media?parent=181984"}],"wp:term":[{"taxonomy":"category","embeddable":true,"href":"https:\/\/www.europesays.com\/fr\/wp-json\/wp\/v2\/categories?post=181984"},{"taxonomy":"post_tag","embeddable":true,"href":"https:\/\/www.europesays.com\/fr\/wp-json\/wp\/v2\/tags?post=181984"}],"curies":[{"name":"wp","href":"https:\/\/api.w.org\/{rel}","templated":true}]}}