{"id":181988,"date":"2025-06-16T23:22:10","date_gmt":"2025-06-16T23:22:10","guid":{"rendered":"https:\/\/www.europesays.com\/fr\/181988\/"},"modified":"2025-06-16T23:22:10","modified_gmt":"2025-06-16T23:22:10","slug":"previsions-du-mardi-17-juin-2025-6","status":"publish","type":"post","link":"https:\/\/www.europesays.com\/fr\/181988\/","title":{"rendered":"pr\u00e9visions du mardi 17 juin 2025"},"content":{"rendered":"<p>Dans la journ\u00e9e, les temp\u00e9ratures seront de 21\u00b0C \u00e0 Lille. Le soleil sera au rendez-vous : une belle matin\u00e9e se profile ! Un vent d&rsquo;ouest rafra\u00eechira sensiblement l&rsquo;atmosph\u00e8re. L&rsquo;apr\u00e8s-midi, apr\u00e8s quelques passages nuageux, le vent va peu \u00e0 peu \u00e9loigner les nuages. C&rsquo;est une hausse de plusieurs degr\u00e9s que vont enregistrer les temp\u00e9ratures. Les valeurs s&rsquo;\u00e9chelonneront entre 25 et 28\u00b0C. On passera de mardi \u00e0 mercredi par une nuit claire.<\/p>\n<p>Demain, les Lillois vont pouvoir profiter d&rsquo;un soleil magnifique. Il va faire 21\u00b0C en moyenne. Une l\u00e9g\u00e8re brise de nord-ouest sera ressentie par les habitants. Le matin, le thermom\u00e8tre affichera 22\u00b0C en moyenne. La m\u00e9t\u00e9o va se r\u00e9chauffer demain apr\u00e8s-midi avec une augmentation de quelques degr\u00e9s. Les temp\u00e9ratures seront comprises entre 24\u00b0C et 27\u00b0C. Les valeurs tourneront autour des 20\u00b0C au cours de la soir\u00e9e.<\/p>\n<p>Peu d&rsquo;\u00e9volutions pour la suite. Il va faire un temps plut\u00f4t ensoleill\u00e9 avec des temp\u00e9ratures autour de 22\u00b0C.<\/p>\n<p><\/p>\n","protected":false},"excerpt":{"rendered":"Dans la journ\u00e9e, les temp\u00e9ratures seront de 21\u00b0C \u00e0 Lille. Le soleil sera au rendez-vous : une belle&hellip;\n","protected":false},"author":2,"featured_media":181989,"comment_status":"","ping_status":"","sticky":false,"template":"","format":"standard","meta":{"footnotes":""},"categories":[2815],"tags":[1111,11,1777,674,1011,27,811,1307,12,1308,1309,2119,25],"class_list":{"0":"post-181988","1":"post","2":"type-post","3":"status-publish","4":"format-standard","5":"has-post-thumbnail","7":"category-lille","8":"tag-actu","9":"tag-actualites","10":"tag-eu","11":"tag-europe","12":"tag-fr","13":"tag-france","14":"tag-hauts-de-france","15":"tag-lille","16":"tag-news","17":"tag-nord","18":"tag-nord-pas-de-calais","19":"tag-previsions-meteo","20":"tag-republique-francaise"},"share_on_mastodon":{"url":"https:\/\/pubeurope.com\/@fr\/114695618249941141","error":""},"_links":{"self":[{"href":"https:\/\/www.europesays.com\/fr\/wp-json\/wp\/v2\/posts\/181988","targetHints":{"allow":["GET"]}}],"collection":[{"href":"https:\/\/www.europesays.com\/fr\/wp-json\/wp\/v2\/posts"}],"about":[{"href":"https:\/\/www.europesays.com\/fr\/wp-json\/wp\/v2\/types\/post"}],"author":[{"embeddable":true,"href":"https:\/\/www.europesays.com\/fr\/wp-json\/wp\/v2\/users\/2"}],"replies":[{"embeddable":true,"href":"https:\/\/www.europesays.com\/fr\/wp-json\/wp\/v2\/comments?post=181988"}],"version-history":[{"count":0,"href":"https:\/\/www.europesays.com\/fr\/wp-json\/wp\/v2\/posts\/181988\/revisions"}],"wp:featuredmedia":[{"embeddable":true,"href":"https:\/\/www.europesays.com\/fr\/wp-json\/wp\/v2\/media\/181989"}],"wp:attachment":[{"href":"https:\/\/www.europesays.com\/fr\/wp-json\/wp\/v2\/media?parent=181988"}],"wp:term":[{"taxonomy":"category","embeddable":true,"href":"https:\/\/www.europesays.com\/fr\/wp-json\/wp\/v2\/categories?post=181988"},{"taxonomy":"post_tag","embeddable":true,"href":"https:\/\/www.europesays.com\/fr\/wp-json\/wp\/v2\/tags?post=181988"}],"curies":[{"name":"wp","href":"https:\/\/api.w.org\/{rel}","templated":true}]}}