{"id":181996,"date":"2025-06-16T23:26:09","date_gmt":"2025-06-16T23:26:09","guid":{"rendered":"https:\/\/www.europesays.com\/fr\/181996\/"},"modified":"2025-06-16T23:26:09","modified_gmt":"2025-06-16T23:26:09","slug":"previsions-du-mardi-17-juin-2025-7","status":"publish","type":"post","link":"https:\/\/www.europesays.com\/fr\/181996\/","title":{"rendered":"pr\u00e9visions du mardi 17 juin 2025"},"content":{"rendered":"<p>C&rsquo;est une magnifique journ\u00e9e dont va profiter Lyon, o\u00f9 le soleil va briller avec force. Les temp\u00e9ratures tourneront autour des 20\u00b0C. Il fera environ 20\u00b0C, le matin. Un vent de nord soufflera l\u00e9g\u00e8rement, avec 10 km\/h. Les temp\u00e9ratures vont enregistrer une hausse de plusieurs degr\u00e9s pendant l&rsquo;apr\u00e8s-midi. Les maximales pourront atteindre 27\u00b0C et les minimales seront de 25\u00b0C. Le soir, le mercure affichera 21\u00b0C en moyenne. Le ciel sera d\u00e9pourvu de nuages dans la nuit de mardi \u00e0 mercredi.<\/p>\n<p>Demain, les Lyonnais vont pouvoir b\u00e9n\u00e9ficier d&rsquo;un soleil radieux. Un temps plus chaud est pr\u00e9vu \u00e9tant donn\u00e9 que le mercure va conna\u00eetre une augmentation. Les temp\u00e9ratures seront comprises entre 14 et 29\u00b0C. Un petit vent de nord-ouest sera ressenti par les habitants. Les temp\u00e9ratures vont grimper pendant l&rsquo;apr\u00e8s-midi de plusieurs degr\u00e9s. Les valeurs s&rsquo;\u00e9chelonneront entre 28 et 29\u00b0C.<\/p>\n<p>Les jours qui suivent s&rsquo;annoncent identiques. Des temp\u00e9ratures dans les 25\u00b0C iront de pair avec un ciel ensoleill\u00e9.<\/p>\n<p><\/p>\n","protected":false},"excerpt":{"rendered":"C&rsquo;est une magnifique journ\u00e9e dont va profiter Lyon, o\u00f9 le soleil va briller avec force. Les temp\u00e9ratures tourneront&hellip;\n","protected":false},"author":2,"featured_media":181997,"comment_status":"","ping_status":"","sticky":false,"template":"","format":"standard","meta":{"footnotes":""},"categories":[1889],"tags":[1111,11,2430,1777,674,1011,27,2428,12,2119,25,2429,2431],"class_list":{"0":"post-181996","1":"post","2":"type-post","3":"status-publish","4":"format-standard","5":"has-post-thumbnail","7":"category-lyon","8":"tag-actu","9":"tag-actualites","10":"tag-auvergne-rhone-alpes","11":"tag-eu","12":"tag-europe","13":"tag-fr","14":"tag-france","15":"tag-lyon","16":"tag-news","17":"tag-previsions-meteo","18":"tag-republique-francaise","19":"tag-rhone","20":"tag-rhone-alpes"},"share_on_mastodon":{"url":"https:\/\/pubeurope.com\/@fr\/114695633922374473","error":""},"_links":{"self":[{"href":"https:\/\/www.europesays.com\/fr\/wp-json\/wp\/v2\/posts\/181996","targetHints":{"allow":["GET"]}}],"collection":[{"href":"https:\/\/www.europesays.com\/fr\/wp-json\/wp\/v2\/posts"}],"about":[{"href":"https:\/\/www.europesays.com\/fr\/wp-json\/wp\/v2\/types\/post"}],"author":[{"embeddable":true,"href":"https:\/\/www.europesays.com\/fr\/wp-json\/wp\/v2\/users\/2"}],"replies":[{"embeddable":true,"href":"https:\/\/www.europesays.com\/fr\/wp-json\/wp\/v2\/comments?post=181996"}],"version-history":[{"count":0,"href":"https:\/\/www.europesays.com\/fr\/wp-json\/wp\/v2\/posts\/181996\/revisions"}],"wp:featuredmedia":[{"embeddable":true,"href":"https:\/\/www.europesays.com\/fr\/wp-json\/wp\/v2\/media\/181997"}],"wp:attachment":[{"href":"https:\/\/www.europesays.com\/fr\/wp-json\/wp\/v2\/media?parent=181996"}],"wp:term":[{"taxonomy":"category","embeddable":true,"href":"https:\/\/www.europesays.com\/fr\/wp-json\/wp\/v2\/categories?post=181996"},{"taxonomy":"post_tag","embeddable":true,"href":"https:\/\/www.europesays.com\/fr\/wp-json\/wp\/v2\/tags?post=181996"}],"curies":[{"name":"wp","href":"https:\/\/api.w.org\/{rel}","templated":true}]}}