{"id":182006,"date":"2025-06-16T23:32:08","date_gmt":"2025-06-16T23:32:08","guid":{"rendered":"https:\/\/www.europesays.com\/fr\/182006\/"},"modified":"2025-06-16T23:32:08","modified_gmt":"2025-06-16T23:32:08","slug":"previsions-du-mardi-17-juin-2025-8","status":"publish","type":"post","link":"https:\/\/www.europesays.com\/fr\/182006\/","title":{"rendered":"pr\u00e9visions du mardi 17 juin 2025"},"content":{"rendered":"<p>Aujourd&rsquo;hui, les Parisiens vont pouvoir profiter d&rsquo;un soleil radieux. Les temp\u00e9ratures seront de 22\u00b0C. Une petite brise de nord-est sera ressentie par les habitants. La m\u00e9t\u00e9o va se r\u00e9chauffer l&rsquo;apr\u00e8s-midi avec une augmentation de plusieurs degr\u00e9s. Les valeurs seront de 28\u00b0C au plus bas et de 29\u00b0C au maximum. Pendant votre sommeil, dans la nuit de mardi \u00e0 mercredi, le ciel sera clair.<\/p>\n<p>C&rsquo;est un soleil \u00e9clatant qui va briller demain sur Paris. Une m\u00e9t\u00e9o plus chaude est attendue puisque les temp\u00e9ratures vont conna\u00eetre une hausse. Prenez garde \u00e0 la vague de chaud. Des temp\u00e9ratures de 16 \u00e0 30\u00b0C sont pr\u00e9vues. Les valeurs afficheront entre 16 et 30\u00b0C. Un vent de nord rafra\u00eechira quelque peu l&rsquo;atmosph\u00e8re. Le matin, le thermom\u00e8tre affichera 24\u00b0C en moyenne. Les temp\u00e9ratures vont enregistrer une augmentation de plusieurs degr\u00e9s dans l&rsquo;apr\u00e8s-midi. La ville va p\u00e2tir des fortes chaleurs avec des temp\u00e9ratures qui devraient monter \u00e0 30\u00b0C. Les valeurs iront de 28 \u00e0 30\u00b0C. Demain soir, on anticipe des temp\u00e9ratures d&rsquo;environ 25\u00b0C.<\/p>\n<p>Pour la suite, le temps ne bougera pas. Pr\u00e9voyez 24\u00b0C en moyenne qui accompagneront des journ\u00e9es ensoleill\u00e9es.<\/p>\n<p><\/p>\n","protected":false},"excerpt":{"rendered":"Aujourd&rsquo;hui, les Parisiens vont pouvoir profiter d&rsquo;un soleil radieux. Les temp\u00e9ratures seront de 22\u00b0C. Une petite brise de&hellip;\n","protected":false},"author":2,"featured_media":182007,"comment_status":"","ping_status":"","sticky":false,"template":"","format":"standard","meta":{"footnotes":""},"categories":[1888],"tags":[11,1777,674,1011,27,662,12,626,2119,25],"class_list":{"0":"post-182006","1":"post","2":"type-post","3":"status-publish","4":"format-standard","5":"has-post-thumbnail","7":"category-paris","8":"tag-actualites","9":"tag-eu","10":"tag-europe","11":"tag-fr","12":"tag-france","13":"tag-ile-de-france","14":"tag-news","15":"tag-paris","16":"tag-previsions-meteo","17":"tag-republique-francaise"},"share_on_mastodon":{"url":"https:\/\/pubeurope.com\/@fr\/114695657455674454","error":""},"_links":{"self":[{"href":"https:\/\/www.europesays.com\/fr\/wp-json\/wp\/v2\/posts\/182006","targetHints":{"allow":["GET"]}}],"collection":[{"href":"https:\/\/www.europesays.com\/fr\/wp-json\/wp\/v2\/posts"}],"about":[{"href":"https:\/\/www.europesays.com\/fr\/wp-json\/wp\/v2\/types\/post"}],"author":[{"embeddable":true,"href":"https:\/\/www.europesays.com\/fr\/wp-json\/wp\/v2\/users\/2"}],"replies":[{"embeddable":true,"href":"https:\/\/www.europesays.com\/fr\/wp-json\/wp\/v2\/comments?post=182006"}],"version-history":[{"count":0,"href":"https:\/\/www.europesays.com\/fr\/wp-json\/wp\/v2\/posts\/182006\/revisions"}],"wp:featuredmedia":[{"embeddable":true,"href":"https:\/\/www.europesays.com\/fr\/wp-json\/wp\/v2\/media\/182007"}],"wp:attachment":[{"href":"https:\/\/www.europesays.com\/fr\/wp-json\/wp\/v2\/media?parent=182006"}],"wp:term":[{"taxonomy":"category","embeddable":true,"href":"https:\/\/www.europesays.com\/fr\/wp-json\/wp\/v2\/categories?post=182006"},{"taxonomy":"post_tag","embeddable":true,"href":"https:\/\/www.europesays.com\/fr\/wp-json\/wp\/v2\/tags?post=182006"}],"curies":[{"name":"wp","href":"https:\/\/api.w.org\/{rel}","templated":true}]}}