{"id":18204,"date":"2025-04-11T20:38:15","date_gmt":"2025-04-11T20:38:15","guid":{"rendered":"https:\/\/www.europesays.com\/fr\/18204\/"},"modified":"2025-04-11T20:38:15","modified_gmt":"2025-04-11T20:38:15","slug":"la-france-metropolitaine-sort-enfin-de-lepidemie","status":"publish","type":"post","link":"https:\/\/www.europesays.com\/fr\/18204\/","title":{"rendered":"la France m\u00e9tropolitaine sort enfin de l\u2019\u00e9pid\u00e9mie"},"content":{"rendered":"<p>             <a href=\"https:\/\/ma-sante.news\/wp-content\/uploads\/2025\/04\/fin-epidemie-de-grippe-France-ma-Sante.jpeg\" data-caption=\"Le retour des beaux jours, et (enfin) la fin de l&#039;\u00e9pid\u00e9mie de grippe en France m\u00e9tropolitaine ! \u00a9 Adobe Stock\" rel=\"nofollow noopener\" target=\"_blank\"><img loading=\"lazy\" decoding=\"async\" width=\"696\" height=\"479\" class=\"entry-thumb td-modal-image\" src=\"data:image\/svg+xml,%3Csvg%20xmlns=\" http:=\"\" data-lazy- data-lazy- alt=\"La ville de Lyon \u00e0 la fin de l'\u00e9pid\u00e9mie de grippe en France.\" title=\"fin e\u0301pide\u0301mie de grippe France ma Sante\u0301\" data-lazy-src=\"https:\/\/www.europesays.com\/fr\/wp-content\/uploads\/2025\/04\/fin-epidemie-de-grippe-France-ma-Sante-696x479.jpeg\"\/><\/a>Le retour des beaux jours, et (enfin) la fin de l&rsquo;\u00e9pid\u00e9mie de grippe en France m\u00e9tropolitaine ! \u00a9 Adobe Stock                                    \t\t\t             <a class=\"gofollow\" data-track=\"MjgsMCwxLDYw\" href=\"https:\/\/ma-sante.news\/inscrivez-vous-a-notre-newsletter\/\" rel=\"nofollow noopener\" target=\"_blank\"><img loading=\"lazy\" decoding=\"async\" width=\"1068\" height=\"131\" src=\"data:image\/svg+xml,%3Csvg%20xmlns=\" http:=\"\" data-lazy-src=\"https:\/\/www.europesays.com\/fr\/wp-content\/uploads\/2025\/03\/banniere-newsletter.png\"\/><\/a> <\/p>\n<p>Chaque hiver, la grippe revient comme un mauvais rituel de saison. Et cette ann\u00e9e encore, elle n\u2019a pas fait de cadeaux. Entre virus particuli\u00e8rement agressifs,<a href=\"https:\/\/ma-sante.news\/grippe-en-auvergne-rhone-alpes-les-hopitaux-sont-deja-sous-pression\/\" rel=\"nofollow noopener\" target=\"_blank\"> hospitalisations en hausse<\/a> et une efficacit\u00e9 vaccinale perfectible, l\u2019\u00e9pid\u00e9mie 2024-2025 a mis le syst\u00e8me de sant\u00e9 \u00e0 rude \u00e9preuve. <\/p>\n<p>Mais une bonne nouvelle vient \u00e9claircir le tableau : selon les derni\u00e8res donn\u00e9es de Sant\u00e9 publique France, l\u2019\u00e9pid\u00e9mie de grippe est officiellement termin\u00e9e en m\u00e9tropole. Si la situation reste tendue dans certains territoires ultramarins, la majorit\u00e9 du pays peut enfin souffler.<\/p>\n<p>        L\u2019hiver a \u00e9t\u00e9 rude : une grippe particuli\u00e8rement virulente    <strong>Les h\u00f4pitaux sous tension cette ann\u00e9e<\/strong>    <\/p>\n<p><a href=\"https:\/\/ma-sante.news\/grippe-et-bronchiolite-pourquoi-lauvergne-rhone-alpes-est-elle-particulierement-touchee-cet-hiver\/\" rel=\"nofollow noopener\" target=\"_blank\">Entre d\u00e9cembre 2024 et mars 2025, la grippe a frapp\u00e9 fort<\/a>. Selon Sant\u00e9 publique France, l\u2019\u00e9pid\u00e9mie a \u00e9t\u00e9 marqu\u00e9e par une \u201cintensit\u00e9 \u00e9lev\u00e9e\u201d, avec une co-circulation de trois virus grippaux : les deux types A (H1N1 et H3N2), et le type B\/Victoria. C\u2019est assez rare pour \u00eatre soulign\u00e9. <a href=\"https:\/\/ma-sante.news\/plan-blanc-face-a-la-grippe-en-auvergne-rhone-alpes-une-mesure-necessaire-ou-exageree\/\" rel=\"nofollow noopener\" target=\"_blank\">Habituellement, un seul de ces virus domine la saison.<\/a><\/p>\n<p>Un impact sanitaire notable :<\/p>\n<ul class=\"wp-block-list\">\n<li>Plus de 1,3 million de consultations pour syndrome grippal en m\u00e9decine de ville.<\/li>\n<li>Une augmentation des hospitalisations, notamment chez les personnes \u00e2g\u00e9es de plus de 65 ans.<\/li>\n<li>Une surmortalit\u00e9 observ\u00e9e dans certaines r\u00e9gions, en lien direct avec la grippe.<\/li>\n<\/ul>\n<p>Le vaccin, pourtant adapt\u00e9, n\u2019a pas suffi \u00e0 prot\u00e9ger efficacement les plus fragiles. En cause, notamment,<a href=\"https:\/\/ma-sante.news\/vaccin-contre-la-grippe-pourquoi-est-il-moins-efficace-chez-les-seniors\/\" rel=\"nofollow noopener\" target=\"_blank\"> une r\u00e9ponse immunitaire r\u00e9duite chez les personnes \u00e2g\u00e9es, malgr\u00e9 une bonne couverture vaccinale<\/a>.<\/p>\n<p>        <strong>La m\u00e9tropole respire, mais l\u2019Outre-mer toujours sous tension<\/strong>    <\/p>\n<p>Au 9 avril 2025,<a href=\"https:\/\/ma-sante.news\/epidemie-grippe-baisse-pic-depasse-mais-risques-toujours-presents\/\" rel=\"nofollow noopener\" target=\"_blank\"> l\u2019\u00e9pid\u00e9mie de grippe est consid\u00e9r\u00e9e comme termin\u00e9e <\/a>en France m\u00e9tropolitaine, annonce Sant\u00e9 publique France dans son dernier bulletin \u00e9pid\u00e9miologique. Les passages aux urgences, les hospitalisations et les consultations li\u00e9es \u00e0 la grippe sont d\u00e9sormais en nette baisse.<\/p>\n<p>Mais attention, ce n\u2019est pas encore la fin du match partout en France. Dans plusieurs territoires d\u2019outre-mer, la situation reste pr\u00e9occupante. La Guadeloupe, la Martinique, la Guyane et Mayotte connaissent encore une circulation active du virus.<\/p>\n<p>\u00c0 titre d\u2019exemple, en Guadeloupe, le CHU de Pointe-\u00e0-Pitre a d\u00fb ouvrir des lits suppl\u00e9mentaires en r\u00e9animation d\u00e9but avril pour faire face \u00e0 une forte vague de cas s\u00e9v\u00e8res. Le virus y circule avec une virulence comparable \u00e0 celle observ\u00e9e en m\u00e9tropole en janvier.<\/p>\n<p>        <strong>Pourquoi cette saison grippale a \u00e9t\u00e9 si intense ?<\/strong>    <\/p>\n<p>Plusieurs facteurs expliquent cette \u00e9pid\u00e9mie particuli\u00e8rement muscl\u00e9e :<\/p>\n<ol class=\"wp-block-list\">\n<li>Une co-circulation de virus inhabituelle, qui a complexifi\u00e9 le travail de pr\u00e9vention et de diagnostic.<\/li>\n<li>Des conditions hivernales favorables \u00e0 la propagation des virus respiratoires : froid, vie en int\u00e9rieur, proximit\u00e9.<\/li>\n<li>Une immunit\u00e9 collective affaiblie, notamment en raison des deux derni\u00e8res saisons grippales plus calmes (en partie gr\u00e2ce aux gestes barri\u00e8res COVID).<\/li>\n<\/ol>\n<p>        Comment se pr\u00e9parer pour l\u2019ann\u00e9e prochaine ?    <strong>La vaccination : une couverture \u00e0 revoir<\/strong>    <\/p>\n<p>Le vaccin contre la grippe reste notre meilleure arme. Pour la saison 2024-2025, <a href=\"https:\/\/ma-sante.news\/grippe-la-campagne-de-vaccination-acheve-faut-il-rester-vigilant\/\" rel=\"nofollow noopener\" target=\"_blank\">la campagne de vaccination a \u00e9t\u00e9 prolong\u00e9e jusqu\u2019au 28 f\u00e9vrier<\/a>, pour permettre au plus grand nombre de se prot\u00e9ger.<\/p>\n<p>Malgr\u00e9 cela, <a href=\"https:\/\/ma-sante.news\/epidemie-de-grippe-une-trop-faible-couverture-vaccinale-pour-contrer-le-virus\/\" rel=\"nofollow noopener\" target=\"_blank\">la couverture vaccinale reste insuffisante chez certaines populations \u00e0 risque<\/a>, en particulier les jeunes adultes atteints de pathologies chroniques. Pourtant, le vaccin permet de r\u00e9duire de 30 \u00e0 60 % le risque de formes graves selon l\u2019\u00e2ge et le type de virus en circulation.<\/p>\n<p>        <strong>Ce qu\u2019il faut retenir (et faire)<\/strong>    <\/p>\n<ul class=\"wp-block-list\">\n<li>L\u2019\u00e9pid\u00e9mie de grippe est termin\u00e9e en m\u00e9tropole, mais pas encore en Outre-mer.<\/li>\n<li>Les gestes barri\u00e8res restent utiles : lavage des mains, a\u00e9ration des pi\u00e8ces, port du masque si sympt\u00f4mes.<\/li>\n<li>Le vaccin reste le moyen le plus efficace de pr\u00e9venir les complications, notamment chez les plus vuln\u00e9rables.<\/li>\n<\/ul>\n<p>Alors, m\u00eame si la France m\u00e9tropolitaine tourne la page de l\u2019\u00e9pid\u00e9mie de grippe, la prudence reste de mise, surtout pour ceux qui vivent ou voyagent en Outre-mer. Chaque hiver, la grippe n\u2019est pas \u00e0 prendre \u00e0 la l\u00e9g\u00e8re : elle peut \u00eatre grave, voire mortelle, surtout chez les personnes fragiles. Alors, mieux vaut garder de bons r\u00e9flexes\u2026 m\u00eame au printemps !<\/p>\n<blockquote class=\"wp-block-quote is-layout-flow wp-block-quote-is-layout-flow\">\n<p><strong>\u00c0 SAVOIR<\/strong><\/p>\n<p>Selon les donn\u00e9es de Sant\u00e9 publique France, <a href=\"https:\/\/ma-sante.news\/epidemie-de-grippe-forte-hausse-des-cas-chez-les-enfants\/\" rel=\"nofollow noopener\" target=\"_blank\">la tranche d\u2019\u00e2ge des 0-14 ans a \u00e9t\u00e9 fortement concern\u00e9e par cette saison grippale<\/a>. Elle repr\u00e9sentait plus de 40 % des passages aux urgences pour syndrome grippal au pic de l\u2019\u00e9pid\u00e9mie. Une donn\u00e9e qui souligne l\u2019importance de la vaccination p\u00e9diatrique, encore trop peu r\u00e9pandue en France, alors que certains pays comme les \u00c9tats-Unis la recommandent syst\u00e9matiquement.<\/p>\n<\/blockquote>\n<p>  <a class=\"gofollow\" data-track=\"MTIsMCwxLDYw\" href=\"https:\/\/ma-sante.news\/annonceurs\/\" rel=\"nofollow noopener\" target=\"_blank\"><img loading=\"lazy\" decoding=\"async\" width=\"2560\" height=\"2133\" src=\"data:image\/svg+xml,%3Csvg%20xmlns=\" http:=\"\" data-lazy-src=\"https:\/\/www.europesays.com\/fr\/wp-content\/uploads\/2025\/03\/pub-annonceurs-4-scaled.jpg\"\/><\/a>    <img loading=\"lazy\" decoding=\"async\" width=\"755\" height=\"495\" src=\"data:image\/svg+xml,%3Csvg%20xmlns=\" http:=\"\" data-lazy-src=\"https:\/\/www.europesays.com\/fr\/wp-content\/uploads\/2025\/03\/Image1.jpg\"\/>Inscrivez-vous \u00e0 notre newsletter <br \/>Ma Sant\u00e9                      <\/p>\n","protected":false},"excerpt":{"rendered":"Le retour des beaux jours, et (enfin) la fin de l&rsquo;\u00e9pid\u00e9mie de grippe en France m\u00e9tropolitaine ! \u00a9&hellip;\n","protected":false},"author":2,"featured_media":18205,"comment_status":"","ping_status":"","sticky":false,"template":"","format":"standard","meta":{"footnotes":""},"categories":[10],"tags":[1011,27,72,71,7256,148],"class_list":{"0":"post-18204","1":"post","2":"type-post","3":"status-publish","4":"format-standard","5":"has-post-thumbnail","7":"category-sante","8":"tag-fr","9":"tag-france","10":"tag-health","11":"tag-sante","12":"tag-u00e9pidu00e9mie","13":"tag-vaccination"},"share_on_mastodon":{"url":"https:\/\/pubeurope.com\/@fr\/114321260759332064","error":""},"_links":{"self":[{"href":"https:\/\/www.europesays.com\/fr\/wp-json\/wp\/v2\/posts\/18204","targetHints":{"allow":["GET"]}}],"collection":[{"href":"https:\/\/www.europesays.com\/fr\/wp-json\/wp\/v2\/posts"}],"about":[{"href":"https:\/\/www.europesays.com\/fr\/wp-json\/wp\/v2\/types\/post"}],"author":[{"embeddable":true,"href":"https:\/\/www.europesays.com\/fr\/wp-json\/wp\/v2\/users\/2"}],"replies":[{"embeddable":true,"href":"https:\/\/www.europesays.com\/fr\/wp-json\/wp\/v2\/comments?post=18204"}],"version-history":[{"count":0,"href":"https:\/\/www.europesays.com\/fr\/wp-json\/wp\/v2\/posts\/18204\/revisions"}],"wp:featuredmedia":[{"embeddable":true,"href":"https:\/\/www.europesays.com\/fr\/wp-json\/wp\/v2\/media\/18205"}],"wp:attachment":[{"href":"https:\/\/www.europesays.com\/fr\/wp-json\/wp\/v2\/media?parent=18204"}],"wp:term":[{"taxonomy":"category","embeddable":true,"href":"https:\/\/www.europesays.com\/fr\/wp-json\/wp\/v2\/categories?post=18204"},{"taxonomy":"post_tag","embeddable":true,"href":"https:\/\/www.europesays.com\/fr\/wp-json\/wp\/v2\/tags?post=18204"}],"curies":[{"name":"wp","href":"https:\/\/api.w.org\/{rel}","templated":true}]}}