{"id":182053,"date":"2025-06-16T23:59:09","date_gmt":"2025-06-16T23:59:09","guid":{"rendered":"https:\/\/www.europesays.com\/fr\/182053\/"},"modified":"2025-06-16T23:59:09","modified_gmt":"2025-06-16T23:59:09","slug":"la-ligue-contre-le-cancer-appelle-a-ne-pas-griller-sa-peau-cet-ete","status":"publish","type":"post","link":"https:\/\/www.europesays.com\/fr\/182053\/","title":{"rendered":"la Ligue contre le cancer appelle \u00e0 ne pas \u00ab\u00a0griller\u00a0\u00bb sa peau cet \u00e9t\u00e9"},"content":{"rendered":"<p>La Ligue contre le cancer lance sa campagne de pr\u00e9vention appelant \u00e0 ne pas \u00ab\u00a0griller\u00a0\u00bb sa peau au soleil, sachant que huit cancers de la peau sur dix sont dus aux rayons ultraviolets.<\/p>\n<p>\u00ab\u00a0On n&rsquo;est pas des saucisses\u00a0\u00bb. La Ligue contre le cancer lance lundi 16 juin une campagne de pr\u00e9vention appelant \u00e0 ne pas <a href=\"https:\/\/www.bfmtv.com\/sante\/cancer-de-la-peau-comment-bien-surveiller-ses-grains-de-beaute-pendant-les-vacances-d-ete_AV-202407070240.html\" title=\"Cancer de la peau: comment bien surveiller ses grains de beaut\u00e9 pendant les vacances d&#039;\u00e9t\u00e9\" class=\"internal_link\" rel=\"nofollow noopener\" target=\"_blank\">\u00ab\u00a0griller\u00a0\u00bb sa peau au soleil<\/a> cet \u00e9t\u00e9, sachant que huit <a href=\"https:\/\/www.bfmtv.com\/sante\/un-fardeau-l-oms-affirme-que-les-rayons-uv-causent-plus-de-80-de-cancers-de-la-peau-dans-le-monde_AD-202505270795.html\" title=\"Un &quot;fardeau&quot;: l&#039;OMS affirme que les rayons UV causent plus de 80% de cancers de la peau dans le monde\" class=\"internal_link\" rel=\"nofollow noopener\" target=\"_blank\">cancers de la peau<\/a> sur dix sont dus aux rayons ultraviolets.<\/p>\n<p>\u00ab\u00a0Griller au soleil, c&rsquo;est 80.000 cancers de la peau et 2.000 d\u00e9c\u00e8s par an. On n&rsquo;est pas des saucisses\u00a0\u00bb, souligne la Ligue contre le cancer, en rappelant que les cancers de la peau font partie des \u00ab\u00a040% de cancers \u00e9vitables car un changement de comportement permettrait d&rsquo;en limiter l&rsquo;incidence\u00a0\u00bb.<\/p>\n<p>Chaque ann\u00e9e, en France, de 141.200 \u00e0 243.500 cancers de la peau sont diagnostiqu\u00e9s, dont 112.960 \u00e0 194.800 provoqu\u00e9s par une exposition excessive aux UV, selon Sant\u00e9 publique France. Le nombre de m\u00e9lanomes (cancers de la peau les plus agressifs) a quadrupl\u00e9 depuis 1990.<\/p>\n<p>Cette hausse s&rsquo;explique \u00ab\u00a0en partie par le vieillissement de la population, mais aussi par l&rsquo;augmentation des pratiques \u00e0 risque, comme des expositions au soleil plus fr\u00e9quentes ou la mode du bronzage artificiel\u00a0\u00bb, comme les cabines UV, note la Ligue dans un communiqu\u00e9.<\/p>\n<p>\u00ab\u00a0Fuir les cabines de bronzage\u00a0\u00bb<\/p>\n<p>Pour \u00ab\u00a0marquer les esprits\u00a0\u00bb, l&rsquo;organisation mise sur \u00ab\u00a0un slogan qui surprend\u00a0\u00bb pour sa campagne, d\u00e9clin\u00e9e en film d&rsquo;animation et diffus\u00e9e notamment en pharmacies du 16 au 30 juin.<\/p>\n<blockquote class=\"embed embed_quote\"><p>\u00ab\u00a0Sous le soleil ou les nuages, on se prot\u00e8ge\u00a0\u00bb, exhorte la Ligue.<\/p><\/blockquote>\n<p>Il est conseill\u00e9 d&rsquo;\u00e9viter de s&rsquo;exposer entre 12 heures et 16 heures en m\u00e9tropole ou entre 10 heures et 14 heures en Outre-mer, de porter des v\u00eatements avec un tissage serr\u00e9 ou trait\u00e9s anti-UV, des lunettes de soleil avec une norme CE3 ou CE4 et un chapeau \u00e0 bords larges, d&rsquo;appliquer de la cr\u00e8me solaire avec un indice de protection \u00e9lev\u00e9, 20 minutes avant une exposition, toutes les deux heures et apr\u00e8s chaque baignade, m\u00eame par temps nuageux.<\/p>\n<p><img decoding=\"async\" src=\"https:\/\/www.europesays.com\/fr\/wp-content\/uploads\/2025\/06\/principale-339_1.png\"  alt=\"Grains de beaut\u00e9 sur la peau: quand s'inqui\u00e9ter ? \" title=\"Grains de beaut\u00e9 sur la peau: quand s'inqui\u00e9ter ? \"\/>Grains de beaut\u00e9 sur la peau: quand s&rsquo;inqui\u00e9ter ?<\/p>\n<p>Les Fran\u00e7ais sont aussi appel\u00e9s \u00e0 \u00ab\u00a0fuir les cabines de bronzage\u00a0\u00bb, qui surexposent \u00e0 des UV reconnus canc\u00e9rog\u00e8nes sans que le bronzage artificiel ne prot\u00e8ge la peau du soleil. Comme des in\u00e9galit\u00e9s sociales peuvent p\u00e9naliser la pr\u00e9vention, la Ligue contre le cancer d\u00e9ploie parall\u00e8lement des actions vers \u00ab\u00a0les plus vuln\u00e9rables\u00a0\u00bb.<\/p>\n<p>Des produits de protection solaire seront ainsi distribu\u00e9s gratuitement dans les C\u00f4tes-d&rsquo;Armor \u00e0 des personnes pr\u00e9caires, en association avec Les Restos du Coeur, ou sur trois plages de La Rochelle via des distributeurs. Des actions de sensibilisation sont aussi destin\u00e9es \u00e0 des gens du voyage, des habitants d&rsquo;un quartier prioritaire, des jeunes de centres de loisirs ou de clubs de football.<\/p>\n","protected":false},"excerpt":{"rendered":"La Ligue contre le cancer lance sa campagne de pr\u00e9vention appelant \u00e0 ne pas \u00ab\u00a0griller\u00a0\u00bb sa peau au&hellip;\n","protected":false},"author":2,"featured_media":182054,"comment_status":"","ping_status":"","sticky":false,"template":"","format":"standard","meta":{"footnotes":""},"categories":[10],"tags":[1011,27,72,71],"class_list":{"0":"post-182053","1":"post","2":"type-post","3":"status-publish","4":"format-standard","5":"has-post-thumbnail","7":"category-sante","8":"tag-fr","9":"tag-france","10":"tag-health","11":"tag-sante"},"share_on_mastodon":{"url":"https:\/\/pubeurope.com\/@fr\/114695763777171765","error":""},"_links":{"self":[{"href":"https:\/\/www.europesays.com\/fr\/wp-json\/wp\/v2\/posts\/182053","targetHints":{"allow":["GET"]}}],"collection":[{"href":"https:\/\/www.europesays.com\/fr\/wp-json\/wp\/v2\/posts"}],"about":[{"href":"https:\/\/www.europesays.com\/fr\/wp-json\/wp\/v2\/types\/post"}],"author":[{"embeddable":true,"href":"https:\/\/www.europesays.com\/fr\/wp-json\/wp\/v2\/users\/2"}],"replies":[{"embeddable":true,"href":"https:\/\/www.europesays.com\/fr\/wp-json\/wp\/v2\/comments?post=182053"}],"version-history":[{"count":0,"href":"https:\/\/www.europesays.com\/fr\/wp-json\/wp\/v2\/posts\/182053\/revisions"}],"wp:featuredmedia":[{"embeddable":true,"href":"https:\/\/www.europesays.com\/fr\/wp-json\/wp\/v2\/media\/182054"}],"wp:attachment":[{"href":"https:\/\/www.europesays.com\/fr\/wp-json\/wp\/v2\/media?parent=182053"}],"wp:term":[{"taxonomy":"category","embeddable":true,"href":"https:\/\/www.europesays.com\/fr\/wp-json\/wp\/v2\/categories?post=182053"},{"taxonomy":"post_tag","embeddable":true,"href":"https:\/\/www.europesays.com\/fr\/wp-json\/wp\/v2\/tags?post=182053"}],"curies":[{"name":"wp","href":"https:\/\/api.w.org\/{rel}","templated":true}]}}