{"id":182063,"date":"2025-06-17T00:04:10","date_gmt":"2025-06-17T00:04:10","guid":{"rendered":"https:\/\/www.europesays.com\/fr\/182063\/"},"modified":"2025-06-17T00:04:10","modified_gmt":"2025-06-17T00:04:10","slug":"le-couple-survivant-de-la-tuerie-du-minnesota-raconte-sa-chance-apres-avoir-ete-touche-par-pres-de-20-balles","status":"publish","type":"post","link":"https:\/\/www.europesays.com\/fr\/182063\/","title":{"rendered":"Le couple survivant de la tuerie du Minnesota raconte sa \u00ab\u00a0chance\u00a0\u00bb apr\u00e8s avoir \u00e9t\u00e9 touch\u00e9 par pr\u00e8s de 20\u00a0balles"},"content":{"rendered":"<p>        <img decoding=\"async\" loading=\"lazy\" src=\"https:\/\/www.europesays.com\/fr\/wp-content\/uploads\/2025\/06\/26dfc03_upload-1-uq1fptej3e3r-485154781-10233993458445491-3667540534236882913-n.jpg\"  width=\"728\" height=\"410\" alt=\"Yvette et John Hoffman ont \u00e9t\u00e9 touch\u00e9s par 17\u00a0balles.\"\/>  <\/p>\n<p>Facebook Yvette Hoffman<\/p>\n<p>Yvette et John Hoffman ont \u00e9t\u00e9 touch\u00e9s par 17\u00a0balles.<\/p>\n<p class=\"asset asset-text\">\u00c9TATS-UNIS &#8211; Ils ont \u00e9chapp\u00e9 au pire. Eux aussi vis\u00e9s lors de l\u2019attaque qui a<a href=\"https:\/\/www.huffingtonpost.fr\/international\/video\/etats-unis-une-elue-democrate-tuee-dans-le-minnesota-dans-un-acte-de-violence-politique_251357.html\" target=\"_blank\" rel=\"noopener\"> tu\u00e9 l\u2019\u00e9lue d\u00e9mocrate M\u00e9lissa Hortman <\/a>et son mari samedi 14\u00a0juin dans <a href=\"https:\/\/www.huffingtonpost.fr\/international\/video\/le-tueur-de-l-elue-du-minnesota-portait-un-masque-terrifiant-mais-le-fbi-a-deja-identifie-le-suspect-principal_251366.html\" target=\"_blank\" rel=\"noopener\">le Minnesota aux \u00c9tats-Unis<\/a>, le s\u00e9nateur John Hoffman et sa femme Yvette sont revenus sur cet \u00e9v\u00e8nement se disant particuli\u00e8rement \u00ab\u00a0chanceux\u00a0\u00bb d\u2019\u00eatre en vie.<\/p>\n<p class=\"asset asset-text\">Dans un communiqu\u00e9 partag\u00e9 par la s\u00e9natrice Amy Klobuchar dimanche 15\u00a0juin, Yvette Hoffman confie \u00eatre \u00ab\u00a0d\u00e9vast\u00e9e\u00a0\u00bb par la mort de Melissa et Mark Hortman. \u00ab\u00a0Nous n\u2019avons pas de mot. Ce genre de haine politique n\u2019a jamais sa place\u00a0\u00bb, ajoute-t-elle.<\/p>\n<p class=\"asset asset-text\">\u00ab\u00a0Il a re\u00e7u neuf balles, j\u2019en ai re\u00e7u huit et nous sommes tous deux incroyablement chanceux d\u2019\u00eatre en vie\u00a0\u00bb, poursuit-elle dans ce message, comme vous pouvez le voir ci-dessous. \u00ab\u00a0John subit actuellement de nombreuses interventions chirurgicales et se rapproche chaque heure de sa sortie d\u2019affaire\u00a0\u00bb, poursuit-elle.<\/p>\n<p> La lecture de ce contenu est susceptible d\u2019entra\u00eener un d\u00e9p\u00f4t de cookies de la part de l\u2019op\u00e9rateur tiers qui l\u2019h\u00e9berge. Compte-tenu des choix que vous avez exprim\u00e9s en mati\u00e8re de d\u00e9p\u00f4t de cookies, nous avons bloqu\u00e9 l\u2019affichage de ce contenu. Si vous souhaitez y acc\u00e9der, vous devez accepter la cat\u00e9gorie de cookies \u201cContenus tiers\u201d en cliquant sur le bouton ci-dessous. <\/p>\n<p> Lire la Vid\u00e9o        Le suspect interpell\u00e9    <\/p>\n<p class=\"asset asset-text\">L\u2019homme suspect\u00e9 d\u2019\u00eatre l\u2019auteur de cette attaque meurtri\u00e8re a \u00e9t\u00e9 arr\u00eat\u00e9 dimanche soir, dans une zone rurale du Minnesota. Des centaines de policiers avaient \u00e9t\u00e9 mobilis\u00e9s pour retrouver sa trace.<\/p>\n<p class=\"asset asset-text\">\u00ab\u00a0Apr\u00e8s deux jours de chasse \u00e0 l\u2019homme et deux nuits blanches, les forces de l\u2019ordre ont interpell\u00e9 Vance Boelter\u00a0\u00bb, a d\u00e9clar\u00e9 le gouverneur du Minnesota <a href=\"https:\/\/www.huffingtonpost.fr\/international\/article\/presidentielle-americaine-tim-walz-un-papa-fun-du-midwest-qui-rassure-les-democrates-et-au-dela-clx1_238126.html\" target=\"_blank\" rel=\"noopener\">Tim Walz<\/a> lors d\u2019une conf\u00e9rence de presse. Les motivations du suspect ne sont pour l\u2019heure pas connues. Le gouverneur a pr\u00e9cis\u00e9 lors d\u2019une conf\u00e9rence de presse tard dimanche soir que John Hoffman avait subi une ultime intervention et est d\u00e9sormais en convalescence.<\/p>\n<p class=\"asset asset-text\">Cette double attaque sur deux responsables d\u00e9mocrates a choqu\u00e9 la classe politique de cet \u00c9tat plut\u00f4t tranquille et provoqu\u00e9 la stupeur chez les \u00e9lus \u00e0 travers le pays, alors que les attaques de Donald Trump \u00e0 l\u2019encontre des \u00e9lus d\u00e9mocrates se multiplient.<\/p>\n","protected":false},"excerpt":{"rendered":"Facebook Yvette Hoffman Yvette et John Hoffman ont \u00e9t\u00e9 touch\u00e9s par 17\u00a0balles. \u00c9TATS-UNIS &#8211; Ils ont \u00e9chapp\u00e9 au&hellip;\n","protected":false},"author":2,"featured_media":182064,"comment_status":"","ping_status":"","sticky":false,"template":"","format":"standard","meta":{"footnotes":""},"categories":[5],"tags":[11,73,1011,27,14,31220,12,28],"class_list":{"0":"post-182063","1":"post","2":"type-post","3":"status-publish","4":"format-standard","5":"has-post-thumbnail","7":"category-international","8":"tag-actualites","9":"tag-etats-unis","10":"tag-fr","11":"tag-france","12":"tag-international","13":"tag-minnesota","14":"tag-news","15":"tag-world"},"share_on_mastodon":{"url":"https:\/\/pubeurope.com\/@fr\/114695785554862506","error":""},"_links":{"self":[{"href":"https:\/\/www.europesays.com\/fr\/wp-json\/wp\/v2\/posts\/182063","targetHints":{"allow":["GET"]}}],"collection":[{"href":"https:\/\/www.europesays.com\/fr\/wp-json\/wp\/v2\/posts"}],"about":[{"href":"https:\/\/www.europesays.com\/fr\/wp-json\/wp\/v2\/types\/post"}],"author":[{"embeddable":true,"href":"https:\/\/www.europesays.com\/fr\/wp-json\/wp\/v2\/users\/2"}],"replies":[{"embeddable":true,"href":"https:\/\/www.europesays.com\/fr\/wp-json\/wp\/v2\/comments?post=182063"}],"version-history":[{"count":0,"href":"https:\/\/www.europesays.com\/fr\/wp-json\/wp\/v2\/posts\/182063\/revisions"}],"wp:featuredmedia":[{"embeddable":true,"href":"https:\/\/www.europesays.com\/fr\/wp-json\/wp\/v2\/media\/182064"}],"wp:attachment":[{"href":"https:\/\/www.europesays.com\/fr\/wp-json\/wp\/v2\/media?parent=182063"}],"wp:term":[{"taxonomy":"category","embeddable":true,"href":"https:\/\/www.europesays.com\/fr\/wp-json\/wp\/v2\/categories?post=182063"},{"taxonomy":"post_tag","embeddable":true,"href":"https:\/\/www.europesays.com\/fr\/wp-json\/wp\/v2\/tags?post=182063"}],"curies":[{"name":"wp","href":"https:\/\/api.w.org\/{rel}","templated":true}]}}