{"id":182065,"date":"2025-06-17T00:05:13","date_gmt":"2025-06-17T00:05:13","guid":{"rendered":"https:\/\/www.europesays.com\/fr\/182065\/"},"modified":"2025-06-17T00:05:13","modified_gmt":"2025-06-17T00:05:13","slug":"les-voisins-ont-vu-une-boule-de-feu","status":"publish","type":"post","link":"https:\/\/www.europesays.com\/fr\/182065\/","title":{"rendered":"\u00ab Les voisins ont vu une boule de feu \u00bb"},"content":{"rendered":"<p>            Par<br \/>\n        <strong><br \/>\n            <a href=\"https:\/\/actu.fr\/auteur\/thibault-delafosse\" title=\"Consulter tous les articles de Thibaud Delafosse\" target=\"_blank\" rel=\"noopener\">Thibaud Delafosse<\/a><br \/>\n        <\/strong><\/p>\n<p>        Publi\u00e9 le<\/p>\n<p>            16 juin 2025 \u00e0 19h55        <\/p>\n<p>Cela aurait d\u00fb \u00eatre un vendredi comme les autres pour Thomas H\u00e9bert et sa fille Lina. \u00ab\u2009On s\u2019appr\u00eatait \u00e0 <b>\u00eatre en week-end<\/b>. Une <b>copine d\u2019\u00e9cole<\/b> de ma fille \u00e9tait l\u00e0. Je buvais un coup avec son p\u00e8re\u2009\u00bb, raconte cet habitant de<a href=\"https:\/\/actu.fr\/normandie\/saint-andre-de-l-epine_50446\" target=\"_blank\" rel=\"noopener\"> Saint-Andr\u00e9-de-l\u2019\u00c9pine<\/a> (Manche), \u00e2g\u00e9 de 39\u00a0ans.<\/p>\n<p class=\" wall-content\">Mais le ciel en a d\u00e9cid\u00e9 autrement. Ce <b>vendredi 13\u00a0juin 2025<\/b>, la Manche \u00e9tait en effet <a href=\"https:\/\/actu.fr\/meteo\/meteo-la-manche-et-la-normandie-placees-en-vigilance-orange-pour-les-orages_62767451.html\" target=\"_blank\" rel=\"noopener\">plac\u00e9e en vigilance orange aux orages<\/a>.<\/p>\n<p class=\" wall-content\">\u00ab\u2009Ma fille \u00e9tait un peu inqui\u00e8te, la <b>ma\u00eetresse <\/b>en avait parl\u00e9. J\u2019ai essay\u00e9 de la rassurer. J\u2019\u00e9tais alors loin de penser que <b>la foudre<\/b> tomberait sur la maison\u2009\u00bb, poursuit l\u2019<b>\u00e9ducateur sp\u00e9cialis\u00e9<\/b> dans la <b>protection de l\u2019enfance<\/b>, qui exerce \u00e0 <a href=\"https:\/\/actu.fr\/normandie\/saint-lo_50502\" target=\"_blank\" rel=\"noopener\">Saint-L\u00f4<\/a>.<\/p>\n<p>\u00ab\u2009Un faisceau \u00e9lectrique traverser sa chambre\u2009\u00bb<\/p>\n<p class=\" wall-content\">Car ce soir-l\u00e0, vers 19\u2009h\u200930,<a href=\"https:\/\/actu.fr\/normandie\/saint-andre-de-l-epine_50446\/frappee-par-la-foudre-une-maison-prend-feu-dans-la-manche_62773538.html\" target=\"_blank\" rel=\"noopener\"> la foudre a frapp\u00e9 l\u2019habitation <\/a>dans laquelle vit Thomas H\u00e9bert depuis huit ans. \u00ab\u2009Au d\u00e9but de la soir\u00e9e, il pleuvait et il gr\u00ealait. Mais on n\u2019entendait pas les <b>orages<\/b>.\u2009\u00bb<\/p>\n<p class=\" wall-content\">Et puis d\u2019un coup, \u00ab\u2009sans pr\u00e9venir\u2009\u00bb comme le relate le sympathique trentenaire, <b>un \u00e9clair<\/b> d\u2019une <b>intensit\u00e9 moyenne <\/b>est tomb\u00e9 sur la maison. \u00ab\u2009Ma fille, qui \u00e9tait \u00e0 l\u2019\u00e9tage, <b>a aper\u00e7u un faisceau \u00e9lectrique traverser sa chambre. Une boule de feu <\/b>a \u00e9t\u00e9 vue par <b>mes voisins<\/b>. <b>Des arcs \u00e9lectriques sortaient des ampoules<\/b>, et <b>\u00e7a sentait le cram\u00e9<\/b> dans la maison. Le tableau \u00e9lectrique \u00e9tait <b>carbonis\u00e9<\/b>.\u2009\u00bb<\/p>\n<p class=\" wall-content\">Au moment d\u2019aller voir le compteur, justement, <b>une boule de feu planait au-dessus de la t\u00eate de Thomas H\u00e9bert.<\/b><\/p>\n<p>    <img   decoding=\"async\" loading=\"lazy\" class=\"size-large\" src=\"https:\/\/www.europesays.com\/fr\/wp-content\/uploads\/2025\/06\/9fff3ca250586a3004ca2505897004v-768x640.jpeg\" alt=\"Plus de trente sapeurs-pompiers ont \u00e9t\u00e9 mobilis\u00e9s.\" width=\"768\" height=\"640\"\/><br \/>\n    Plus de trente sapeurs-pompiers ont \u00e9t\u00e9 mobilis\u00e9s. \u00a9DR\u00ab\u2009Il ne reste plus qu\u2019\u00e0 tout raser\u2009\u00bb<\/p>\n<p class=\" wall-content\">Alors que<b> le grenier<\/b> est en proie aux flammes, le <b>p\u00e8re de famille<\/b> appelle les <b>sapeurs-pompiers<\/b> et fait sortir tout le monde. Au total, <b>31 d\u2019entre d\u2019eux seront mobilis\u00e9s depuis les centres de secours de Saint-Clair, Saint-L\u00f4, Tessy et Torigny. <\/b><\/p>\n<p class=\" wall-content\">\u00ab\u2009Ce moment o\u00f9 l\u2019on voit sa maison br\u00fbler devant ses yeux, c\u2019est compliqu\u00e9. Je ne savais pas quoi r\u00e9cup\u00e9rer. J\u2019ai fini par prendre le cartable de ma fille par r\u00e9flexe\u2009\u00bb, souffle-t-il aussi \u00e0 nos confr\u00e8res du <a href=\"https:\/\/www.leparisien.fr\/faits-divers\/jai-vu-leclair-traverser-ma-maison-thomas-39-ans-miracule-des-orages-dans-la-manche-mais-son-domicile-ravage-15-06-2025-QZ4O5P3YJJE5TCWQ4BMILKX23A.php\" target=\"_blank\" rel=\"noopener\">Parisien<\/a>.<\/p>\n<p class=\" wall-content\">L\u2019int\u00e9gralit\u00e9 de l\u2019\u00e9tage a \u00e9t\u00e9 d\u00e9truite. \u00ab\u2009Il ne reste plus rien dans ma chambre,<b> tous mes effets personnels sont carbonis\u00e9s. <\/b>On ne distingue plus rien. Dans la chambre de Lina, le placo s\u2019est \u00e9croul\u00e9. Tout a \u00e9t\u00e9 souill\u00e9, aussi, par<b> l\u2019eau utilis\u00e9e<\/b> par les sapeurs-pompiers.\u2009\u00bb Et de dresser ce constat amer\u2009: \u00ab<b>\u2009Il ne reste plus qu\u2019\u00e0 tout raser<\/b>\u2009\u00bb.<\/p>\n<p>    <img   decoding=\"async\" loading=\"lazy\" class=\"size-large\" src=\"https:\/\/www.europesays.com\/fr\/wp-content\/uploads\/2025\/06\/720beb9250586760beb9250584a0bev-768x640.jpeg\" alt=\"A l'\u00e9tage, tout a \u00e9t\u00e9 d\u00e9truit.\" width=\"768\" height=\"640\"\/><br \/>\n    \u00c0 l\u2019\u00e9tage, tout a \u00e9t\u00e9 d\u00e9truit. \u00a9DRUn \u00e9lan de solidarit\u00e9<\/p>\n<p class=\" wall-content\">Sid\u00e9r\u00e9 au d\u00e9part, ne comprenant pas trop ce qu\u2019il se passait, il a \u00e9videmment \u00e9t\u00e9 <b>choqu\u00e9<\/b> de voir sa maison partir en fum\u00e9e. \u00ab\u2009On ne dort pas bien la nuit, on se refait la sc\u00e8ne. Ma fille me parle d\u2019orages, j\u2019appr\u00e9hende le <b>prochain coup de tonnerre<\/b>. Quand on est revenus le lendemain pour constater <b>les d\u00e9g\u00e2ts<\/b>, on a vraiment pris conscience des choses.\u2009\u00bb<\/p>\n<p class=\" wall-content\">Il estime malgr\u00e9 tout que cet \u00e9pisode aurait pu \u00eatre plus grave. \u00ab\u2009Avec du recul, je me dis que des gens meurent tu\u00e9s par <b>les bombes<\/b> par exemple. Nous, c\u2019est un accident, une catastrophe naturelle. On est privil\u00e9gi\u00e9 dans le malheur.\u2009\u00bb Dans Le Parisien, il d\u00e9clare aussi\u2009: \u00ab\u2009On aurait pu prendre une d\u00e9charge ou directement la foudre tous les quatre. On a de la chance d\u2019\u00eatre en vie \u00bb.<\/p>\n<p>    <img   decoding=\"async\" loading=\"lazy\" class=\"size-large\" src=\"https:\/\/www.europesays.com\/fr\/wp-content\/uploads\/2025\/06\/3aaa8372505864eaa8372505822ba8v-768x640.jpeg\" alt=\"La chambre de Thomas H\u00e9bert.\" width=\"768\" height=\"640\"\/><br \/>\n    La chambre de Thomas H\u00e9bert. \u00a9DR<br \/>\n    <img   decoding=\"async\" loading=\"lazy\" class=\"size-large\" src=\"https:\/\/www.europesays.com\/fr\/wp-content\/uploads\/2025\/06\/2e9bc4625058662abc462505856abcv-768x640.jpeg\" alt=\"La chambre de Lina.\" width=\"768\" height=\"640\"\/><br \/>\n    La chambre de Lina. \u00a9DR<\/p>\n<p class=\" wall-content\">Il peut en tout cas compter sur<b> le soutien de ses proches<\/b>. Des amis ont lanc\u00e9<b> une cagnotte<\/b>, \u00ab\u2009une bonne initiative\u2009\u00bb, salue-t-il. Quant \u00e0 <b>ses parents<\/b>, ils l\u2019h\u00e9bergent en attendant des jours meilleurs. \u00ab\u2009Une <b>solidarit\u00e9 importante<\/b> pour nous.\u2009\u00bb<\/p>\n<p class=\" wall-content\">En revanche, il reste encore dans l\u2019impasse avec <b>son assurance<\/b>. Lundi soir, il attendait toujours qu\u2019<b>un expert<\/b> vienne <b>dresser un constat<\/b> pour faire avancer les choses. \u00ab\u2009C\u2019est un peu long\u2009\u00bb, peste Thomas H\u00e9bert. Une \u00e9pine dans le pied \u00e0 retirer pour d\u00e9marrer la reconstruction qui l\u2019attend.<\/p>\n<p class=\" wall-content\">Suivez toute l\u2019actualit\u00e9 de vos villes et m\u00e9dias favoris en vous inscrivant \u00e0 <a href=\"https:\/\/moncompte.actu.fr\" title=\"D\u00e9couvez Mon Actu\" rel=\"nofollow noopener\" data-trk=\"{&quot;cta&quot;:{&quot;action&quot;:&quot;https:\\\/\\\/moncompte.actu.fr&quot;,&quot;category&quot;:&quot;mon compte&quot;,&quot;from&quot;:&quot;article footer&quot;,&quot;name&quot;:&quot;Mon actu&quot;,&quot;type&quot;:&quot;cta&quot;}}\" target=\"_blank\">Mon Actu<\/a>.<\/p>\n","protected":false},"excerpt":{"rendered":"Par Thibaud Delafosse Publi\u00e9 le 16 juin 2025 \u00e0 19h55 Cela aurait d\u00fb \u00eatre un vendredi comme les&hellip;\n","protected":false},"author":2,"featured_media":182066,"comment_status":"","ping_status":"","sticky":false,"template":"","format":"standard","meta":{"footnotes":""},"categories":[4],"tags":[11,118,1011,27,1310,12,4594,1311,25],"class_list":{"0":"post-182065","1":"post","2":"type-post","3":"status-publish","4":"format-standard","5":"has-post-thumbnail","7":"category-france","8":"tag-actualites","9":"tag-faits-divers","10":"tag-fr","11":"tag-france","12":"tag-incendie","13":"tag-news","14":"tag-orages","15":"tag-pompiers","16":"tag-republique-francaise"},"share_on_mastodon":{"url":"https:\/\/pubeurope.com\/@fr\/114695787309976123","error":""},"_links":{"self":[{"href":"https:\/\/www.europesays.com\/fr\/wp-json\/wp\/v2\/posts\/182065","targetHints":{"allow":["GET"]}}],"collection":[{"href":"https:\/\/www.europesays.com\/fr\/wp-json\/wp\/v2\/posts"}],"about":[{"href":"https:\/\/www.europesays.com\/fr\/wp-json\/wp\/v2\/types\/post"}],"author":[{"embeddable":true,"href":"https:\/\/www.europesays.com\/fr\/wp-json\/wp\/v2\/users\/2"}],"replies":[{"embeddable":true,"href":"https:\/\/www.europesays.com\/fr\/wp-json\/wp\/v2\/comments?post=182065"}],"version-history":[{"count":0,"href":"https:\/\/www.europesays.com\/fr\/wp-json\/wp\/v2\/posts\/182065\/revisions"}],"wp:featuredmedia":[{"embeddable":true,"href":"https:\/\/www.europesays.com\/fr\/wp-json\/wp\/v2\/media\/182066"}],"wp:attachment":[{"href":"https:\/\/www.europesays.com\/fr\/wp-json\/wp\/v2\/media?parent=182065"}],"wp:term":[{"taxonomy":"category","embeddable":true,"href":"https:\/\/www.europesays.com\/fr\/wp-json\/wp\/v2\/categories?post=182065"},{"taxonomy":"post_tag","embeddable":true,"href":"https:\/\/www.europesays.com\/fr\/wp-json\/wp\/v2\/tags?post=182065"}],"curies":[{"name":"wp","href":"https:\/\/api.w.org\/{rel}","templated":true}]}}