{"id":182072,"date":"2025-06-17T00:09:13","date_gmt":"2025-06-17T00:09:13","guid":{"rendered":"https:\/\/www.europesays.com\/fr\/182072\/"},"modified":"2025-06-17T00:09:13","modified_gmt":"2025-06-17T00:09:13","slug":"leclosion-imminente-au-jardin-botanique-jean-marie-pelt","status":"publish","type":"post","link":"https:\/\/www.europesays.com\/fr\/182072\/","title":{"rendered":"l&rsquo;\u00e9closion imminente au Jardin botanique Jean-Marie Pelt"},"content":{"rendered":"<p>Au Jardin botanique\u00a0Jean-Marie Pelt de Villers-l\u00e8s-Nancy, le Phallus de Titan se pr\u00e9pare \u00e0 offrir son rare spectacle. Le spathe, d\u00e9sormais color\u00e9, laisse entrevoir l&rsquo;imminence de la floraison. Ce lundi matin, la plante affichait 157 cm de hauteur, sa croissance est presque achev\u00e9e. L&rsquo;\u00e9closion pourrait avoir lieu demain en d\u00e9but d&rsquo;apr\u00e8s-midi.\u00a0<\/p>\n","protected":false},"excerpt":{"rendered":"Au Jardin botanique\u00a0Jean-Marie Pelt de Villers-l\u00e8s-Nancy, le Phallus de Titan se pr\u00e9pare \u00e0 offrir son rare spectacle. Le&hellip;\n","protected":false},"author":2,"featured_media":182073,"comment_status":"","ping_status":"","sticky":false,"template":"","format":"standard","meta":{"footnotes":""},"categories":[9635],"tags":[1111,11,1704,1777,674,1011,27,5325,2798,775,1757,1702,12,25,10261],"class_list":{"0":"post-182072","1":"post","2":"type-post","3":"status-publish","4":"format-standard","5":"has-post-thumbnail","7":"category-nancy","8":"tag-actu","9":"tag-actualites","10":"tag-edition-nancy-et-agglomeration","11":"tag-eu","12":"tag-europe","13":"tag-fr","14":"tag-france","15":"tag-galerie-media","16":"tag-galerie-photo","17":"tag-grand-est","18":"tag-insolite","19":"tag-nancy","20":"tag-news","21":"tag-republique-francaise","22":"tag-villers-les-nancy"},"share_on_mastodon":{"url":"https:\/\/pubeurope.com\/@fr\/114695802944366684","error":""},"_links":{"self":[{"href":"https:\/\/www.europesays.com\/fr\/wp-json\/wp\/v2\/posts\/182072","targetHints":{"allow":["GET"]}}],"collection":[{"href":"https:\/\/www.europesays.com\/fr\/wp-json\/wp\/v2\/posts"}],"about":[{"href":"https:\/\/www.europesays.com\/fr\/wp-json\/wp\/v2\/types\/post"}],"author":[{"embeddable":true,"href":"https:\/\/www.europesays.com\/fr\/wp-json\/wp\/v2\/users\/2"}],"replies":[{"embeddable":true,"href":"https:\/\/www.europesays.com\/fr\/wp-json\/wp\/v2\/comments?post=182072"}],"version-history":[{"count":0,"href":"https:\/\/www.europesays.com\/fr\/wp-json\/wp\/v2\/posts\/182072\/revisions"}],"wp:featuredmedia":[{"embeddable":true,"href":"https:\/\/www.europesays.com\/fr\/wp-json\/wp\/v2\/media\/182073"}],"wp:attachment":[{"href":"https:\/\/www.europesays.com\/fr\/wp-json\/wp\/v2\/media?parent=182072"}],"wp:term":[{"taxonomy":"category","embeddable":true,"href":"https:\/\/www.europesays.com\/fr\/wp-json\/wp\/v2\/categories?post=182072"},{"taxonomy":"post_tag","embeddable":true,"href":"https:\/\/www.europesays.com\/fr\/wp-json\/wp\/v2\/tags?post=182072"}],"curies":[{"name":"wp","href":"https:\/\/api.w.org\/{rel}","templated":true}]}}