{"id":182076,"date":"2025-06-17T00:11:13","date_gmt":"2025-06-17T00:11:13","guid":{"rendered":"https:\/\/www.europesays.com\/fr\/182076\/"},"modified":"2025-06-17T00:11:13","modified_gmt":"2025-06-17T00:11:13","slug":"la-dga-a-un-role-declaireur-technologique-selon-lingenieur-general-hors-classe-de-larmement-francois-xavier-dufer-de-passage-a-toulon","status":"publish","type":"post","link":"https:\/\/www.europesays.com\/fr\/182076\/","title":{"rendered":"\u00ab\u00a0La DGA a un r\u00f4le d\u2019\u00e9claireur technologique\u00a0\u00bb, selon l\u2019ing\u00e9nieur g\u00e9n\u00e9ral hors classe de l\u2019armement Fran\u00e7ois-Xavier Dufer de passage \u00e0 Toulon"},"content":{"rendered":"<p>De passage jeudi \u00e0 Toulon, \u00e0 l\u2019occasion de la 7e \u00e9dition d\u2019i-Naval, l\u2019ing\u00e9nieur g\u00e9n\u00e9ral hors classe de l\u2019armement Fran\u00e7ois-Xavier Dufer, le tout nouveau patron de la Direction de l\u2019ing\u00e9nierie et de l\u2019expertise (DIE) de la DGA, a annonc\u00e9 la cr\u00e9ation d\u2019une capacit\u00e9 d\u2019exp\u00e9rimentation de drones navals.<\/p>\n<p><strong>Vous r\u00e9alisiez d\u00e9j\u00e0 des essais sur les drones navals. Alors dites-nous ce qui a motiv\u00e9 la cr\u00e9ation de cette nouvelle capacit\u00e9\u2005?<\/strong><\/p>\n<p>Effectivement, on travaille sur les syst\u00e8mes de drones depuis tr\u00e8s longtemps d\u00e9j\u00e0. Mais, par les espaces \u00e9normes qu\u2019ils sont capables de couvrir, les drones marins et sous-marins offrent une tr\u00e8s forte potentialit\u00e9. Que ce soit dans l\u2019offshore, la recherche oc\u00e9anographique, ou encore les c\u00e2bles sous-marins, le march\u00e9 civil est en train d\u2019exploser.<br \/>&#13;<br \/>\nDans le m\u00eame temps, la conflictualit\u00e9 militaire augmente. Aussi, dans ce contexte, il nous a sembl\u00e9, avec la Marine nationale, qu\u2019il \u00e9tait utile de disposer d\u2019une capacit\u00e9 plus large, plus agile, pr\u00eate \u00e0 l\u2019emploi plus rapidement, qui nous permette d\u2019\u00e9valuer ces drones et syst\u00e8mes de drones.<\/p>\n<p><strong>Par rapport \u00e0 ce que vous faisiez jusqu\u2019\u00e0 pr\u00e9sent, que va vous apporter de plus cette nouvelle capacit\u00e9 d\u2019exp\u00e9rimentation\u2005?<\/strong><\/p>\n<p>Sur les 10\u2005000 personnes que compte la Direction g\u00e9n\u00e9rale de l\u2019armement, 7\u2005500 travaillent dans les dix centres d\u2019expertise et d\u2019essais. On a donc d\u00e9j\u00e0 toutes les comp\u00e9tences, toutes les briques techniques. L\u2019id\u00e9e avec cette nouvelle capacit\u00e9 d\u2019essai et d\u2019exp\u00e9rimentation de drones navals est de structurer davantage les choses, en tirant parti notamment des implantations \u00e0 Saint-Mandrier (le site du Canier et le site d\u2019exp\u00e9rimentation des syst\u00e8mes de d\u00e9fense a\u00e9rienne) que nous avons en commun avec la Marine nationale. De fa\u00e7on \u00e0 pouvoir r\u00e9aliser plus rapidement des essais sur des syst\u00e8mes de drones. Et ce dans les trois dimensions\u2005: \u00e0 la surface, sous la surface et au-dessus de la surface.<\/p>\n<p>Mon ambition pour la Direction de l\u2019ing\u00e9nierie et de l\u2019expertise est qu\u2019elle pr\u00e9serve dans la dur\u00e9e sa capacit\u00e9 d\u2019\u00e9claireur technologique \u00e0 m\u00eame de juger l\u2019utilit\u00e9 et la maturit\u00e9 d\u2019une technologie.<\/p>\n<p><strong>Des capacit\u00e9s comparables existent-elles d\u00e9j\u00e0, ou vont-elles \u00eatre cr\u00e9\u00e9es pour les drones terrestres et a\u00e9riens\u2005?<\/strong><\/p>\n<p>Pas exactement. Chaque m\u00e9tier a ses particularit\u00e9s. DGA Techniques terrestres dispose de ce qu\u2019on appelle des \u00ab\u2005ar\u00e8nes\u2005\u00bb.<br \/>&#13;<br \/>\n\u00c0 Bourges par exemple pour tester les mini-drones, ou \u00e0 Bruz, centre sp\u00e9cialis\u00e9 dans la ma\u00eetrise de l\u2019information, pour tester les capteurs et les liaisons de donn\u00e9es. D\u00e8s lors qu\u2019on veut r\u00e9aliser des essais \u00e0 l\u2019\u00e9chelle ou travailler avec des capacit\u00e9s arm\u00e9es, des espaces beaucoup plus vastes sont n\u00e9cessaires et on bascule sur les sites de DGA Essais de missiles \u00e0 Biscarrosse et au Levant.<\/p>\n<p><strong>Quels seront les premiers essais que cette nouvelle capacit\u00e9 d\u2019exp\u00e9rimentation de drones navals va mener\u2005?<\/strong><\/p>\n<p>Mais ils ont commenc\u00e9\u2005! C\u2019est d\u2019ailleurs la preuve de la r\u00e9activit\u00e9 de cette nouvelle structure. Port\u00e9e il y a tout juste un an par le major g\u00e9n\u00e9ral de la Marine et ma pr\u00e9d\u00e9cesseur \u00e0 la t\u00eate de la DIE C\u00e9cile Sellier, la capacit\u00e9 d\u2019exp\u00e9rimentation de drones navals est d\u00e9j\u00e0 op\u00e9rationnelle. Ces essais, qui sont r\u00e9alis\u00e9s \u00e0 Toulon, portent par exemple sur la capacit\u00e9 d\u2019un glider sous-marin \u00e0 d\u00e9tecter un drone de surface (en l\u2019occurrence le DriX H-8 d\u2019Exail). On va aussi tester la mise en \u0153uvre d\u2019une boucle de commandement et de contr\u00f4le avec le glider. Cette coop\u00e9ration, cette alchimie entre les ing\u00e9nieurs de la DGA et les op\u00e9rationnels de la Marine nationale doit nous permettre d\u2019aller plus loin et plus vite dans les essais de syst\u00e8mes de syst\u00e8mes de drones.<\/p>\n<p><strong>Pensez-vous que, \u00e0 l\u2019image des drones a\u00e9riens, les drones navals vont devenir des game-changers\u2005?<\/strong><\/p>\n<p>Oui, par la profondeur de la zone qu\u2019ils arrivent \u00e0 traiter. On peut imaginer par exemple qu\u2019\u00e0 l\u2019horizon 2030-2040, des syst\u00e8mes combinant des drones de surface, sous-marins et a\u00e9riens assureront une plus grande bulle de protection autour du groupe a\u00e9ronaval. Ce qui ne veut pas dire que les drones vont remplacer les sous-marins ou les Rafale. Ce sera davantage une question de point d\u2019\u00e9quilibre entre syst\u00e8mes de drones et armements plus classiques.<\/p>\n","protected":false},"excerpt":{"rendered":"De passage jeudi \u00e0 Toulon, \u00e0 l\u2019occasion de la 7e \u00e9dition d\u2019i-Naval, l\u2019ing\u00e9nieur g\u00e9n\u00e9ral hors classe de l\u2019armement&hellip;\n","protected":false},"author":2,"featured_media":182077,"comment_status":"","ping_status":"","sticky":false,"template":"","format":"standard","meta":{"footnotes":""},"categories":[9619],"tags":[1111,11,554,1777,674,1011,27,12,882,25,2310],"class_list":{"0":"post-182076","1":"post","2":"type-post","3":"status-publish","4":"format-standard","5":"has-post-thumbnail","7":"category-toulon","8":"tag-actu","9":"tag-actualites","10":"tag-defense","11":"tag-eu","12":"tag-europe","13":"tag-fr","14":"tag-france","15":"tag-news","16":"tag-provence-alpes-cote-dazur","17":"tag-republique-francaise","18":"tag-toulon"},"share_on_mastodon":{"url":"https:\/\/pubeurope.com\/@fr\/114695810983699095","error":""},"_links":{"self":[{"href":"https:\/\/www.europesays.com\/fr\/wp-json\/wp\/v2\/posts\/182076","targetHints":{"allow":["GET"]}}],"collection":[{"href":"https:\/\/www.europesays.com\/fr\/wp-json\/wp\/v2\/posts"}],"about":[{"href":"https:\/\/www.europesays.com\/fr\/wp-json\/wp\/v2\/types\/post"}],"author":[{"embeddable":true,"href":"https:\/\/www.europesays.com\/fr\/wp-json\/wp\/v2\/users\/2"}],"replies":[{"embeddable":true,"href":"https:\/\/www.europesays.com\/fr\/wp-json\/wp\/v2\/comments?post=182076"}],"version-history":[{"count":0,"href":"https:\/\/www.europesays.com\/fr\/wp-json\/wp\/v2\/posts\/182076\/revisions"}],"wp:featuredmedia":[{"embeddable":true,"href":"https:\/\/www.europesays.com\/fr\/wp-json\/wp\/v2\/media\/182077"}],"wp:attachment":[{"href":"https:\/\/www.europesays.com\/fr\/wp-json\/wp\/v2\/media?parent=182076"}],"wp:term":[{"taxonomy":"category","embeddable":true,"href":"https:\/\/www.europesays.com\/fr\/wp-json\/wp\/v2\/categories?post=182076"},{"taxonomy":"post_tag","embeddable":true,"href":"https:\/\/www.europesays.com\/fr\/wp-json\/wp\/v2\/tags?post=182076"}],"curies":[{"name":"wp","href":"https:\/\/api.w.org\/{rel}","templated":true}]}}