{"id":182088,"date":"2025-06-17T00:23:27","date_gmt":"2025-06-17T00:23:27","guid":{"rendered":"https:\/\/www.europesays.com\/fr\/182088\/"},"modified":"2025-06-17T00:23:27","modified_gmt":"2025-06-17T00:23:27","slug":"strasbourg-les-bureaux-de-poste-des-halles-et-de-la-porte-blanche-ferment-definitivement-le-28-juin","status":"publish","type":"post","link":"https:\/\/www.europesays.com\/fr\/182088\/","title":{"rendered":"Strasbourg. Les bureaux de poste des Halles et de la Porte Blanche ferment d\u00e9finitivement le 28 juin"},"content":{"rendered":"<p>\u00ab\u00a0Il n\u2019y a pas de r\u00e9seau au rabais\u00a0\u00bb, assure Jo\u00ebl Lagarrigue, responsable de secteur \u00e0 La Poste. Le service public annonce pourtant la fermeture au 28\u00a0juin des bureaux strasbourgeois des Halles et de la Porte Blanche. La Poste compte s\u2019appuyer sur un r\u00e9seau important de points relais o\u00f9 les usagers peuvent effectuer 90\u00a0% des t\u00e2ches propos\u00e9es par les agences.<\/p>\n<p>  Moins de bureaux mais davantage de points relais<\/p>\n<p>Apr\u00e8s la fermeture des deux agences des Halles et de la Porte Blanche, le r\u00e9seau comptera 18 bureaux de poste, \u00e9paul\u00e9s par 17 relais commer\u00e7ants dont 7 ont \u00e9t\u00e9 cr\u00e9\u00e9s en 2025. Le principe de ces derniers est de proposer, dans un commerce de proximit\u00e9, la plupart des services assur\u00e9s par La Poste, de l\u2019affranchissement \u00e0 la remise de colis en passant par le d\u00e9pannage financier jusqu\u2019\u00e0 150\u00a0euros par semaine. \u00ab\u00a0L\u2019espace pro des Halles o\u00f9 sont dispens\u00e9es les \u00e9preuves du code de la route reste en place\u00a0\u00bb, pr\u00e9cise H\u00e9l\u00e8ne Favre-Monnet, directrice ex\u00e9cutive adjointe en charge du maillage territorial.<\/p>\n<p>Elle ajoute que \u00ab\u00a0l\u2019affluence des bureaux de poste de Strasbourg a chut\u00e9 de 50\u00a0% sur 10 ans, m\u00eame dans les agences o\u00f9 les horaires n\u2019ont pas diminu\u00e9\u00a0\u00bb. Il est d\u2019ailleurs pr\u00e9vu de les augmenter dans les bureaux du 22-Novembre et de la Fonderie o\u00f9 devraient se reporter les usagers des agences ferm\u00e9es. Dans le m\u00eame temps, La Poste revendique une satisfaction client de 87\u00a0% sur le fonctionnement des points relais, tous en place au moment des fermetures du 28\u00a0juin.<\/p>\n<p>  La crainte de nouvelles fermetures<\/p>\n<p>\u00ab\u00a0Cette annonce porte \u00e0 <a href=\"https:\/\/www.dna.fr\/politique\/2024\/11\/06\/tensions-politiques-autour-de-la-fermeture-d-un-bureau-de-poste\" target=\"_blank\" rel=\"nofollow noopener\">huit le nombre de bureaux de poste ferm\u00e9s \u00e0 Strasbourg depuis huit ans<\/a>, dont quatre depuis le d\u00e9but du mandat de <a href=\"http:\/\/www.dna.fr\/p\/jeanne-barseghian\" target=\"_blank\" rel=\"nofollow noopener\">Jeanne Barseghian<\/a>\u00a0\u00bb, d\u00e9plore Benjamin Soulet, adjoint \u00e0 l\u2019\u00e9quit\u00e9 territoriale et \u00e0 la politique de la Ville. La municipalit\u00e9 d\u00e9nonce \u00ab\u00a0une d\u00e9cision unilat\u00e9rale\u00a0\u00bb sur laquelle elle n\u2019a pu \u00eatre que consult\u00e9e. Benjamin Soulet rappelle le combat men\u00e9 pour sauver l\u2019antenne de l\u2019Elsau en 2024 et pour obtenir de La Poste qu\u2019aucun bureau ne soit supprim\u00e9 dans un quartier prioritaire.<\/p>\n<p>Le sentiment est partag\u00e9 par Patrick Leroy, secr\u00e9taire g\u00e9n\u00e9ral CGT-FAPT du Bas-Rhin\u00a0: \u00ab\u00a0La longue liste des bureaux de poste ferm\u00e9s \u00e0 Strasbourg n\u2019est s\u00fbrement pas termin\u00e9e.\u00a0\u00bb Comme la municipalit\u00e9, le syndicat avance la probabilit\u00e9 que les commerces relais finissent par fermer, laissant les usagers sans service postal \u00e0 proximit\u00e9. Le personnel des Halles et de la Porte Blanche sera, lui, dispatch\u00e9 dans les bureaux alentour.<\/p>\n","protected":false},"excerpt":{"rendered":"\u00ab\u00a0Il n\u2019y a pas de r\u00e9seau au rabais\u00a0\u00bb, assure Jo\u00ebl Lagarrigue, responsable de secteur \u00e0 La Poste. Le&hellip;\n","protected":false},"author":2,"featured_media":182089,"comment_status":"","ping_status":"","sticky":false,"template":"","format":"standard","meta":{"footnotes":""},"categories":[2820],"tags":[1111,11,33,2880,1777,674,107,1011,27,775,12,25,104,640,2879,1631,216],"class_list":{"0":"post-182088","1":"post","2":"type-post","3":"status-publish","4":"format-standard","5":"has-post-thumbnail","7":"category-strasbourg","8":"tag-actu","9":"tag-actualites","10":"tag-economie","11":"tag-edition-strasbourg","12":"tag-eu","13":"tag-europe","14":"tag-fil-info","15":"tag-fr","16":"tag-france","17":"tag-grand-est","18":"tag-news","19":"tag-republique-francaise","20":"tag-societe","21":"tag-strasbourg","22":"tag-strasbourg-ville","23":"tag-vie-associative","24":"tag-vie-des-entreprises"},"share_on_mastodon":{"url":"https:\/\/pubeurope.com\/@fr\/114695858296173759","error":""},"_links":{"self":[{"href":"https:\/\/www.europesays.com\/fr\/wp-json\/wp\/v2\/posts\/182088","targetHints":{"allow":["GET"]}}],"collection":[{"href":"https:\/\/www.europesays.com\/fr\/wp-json\/wp\/v2\/posts"}],"about":[{"href":"https:\/\/www.europesays.com\/fr\/wp-json\/wp\/v2\/types\/post"}],"author":[{"embeddable":true,"href":"https:\/\/www.europesays.com\/fr\/wp-json\/wp\/v2\/users\/2"}],"replies":[{"embeddable":true,"href":"https:\/\/www.europesays.com\/fr\/wp-json\/wp\/v2\/comments?post=182088"}],"version-history":[{"count":0,"href":"https:\/\/www.europesays.com\/fr\/wp-json\/wp\/v2\/posts\/182088\/revisions"}],"wp:featuredmedia":[{"embeddable":true,"href":"https:\/\/www.europesays.com\/fr\/wp-json\/wp\/v2\/media\/182089"}],"wp:attachment":[{"href":"https:\/\/www.europesays.com\/fr\/wp-json\/wp\/v2\/media?parent=182088"}],"wp:term":[{"taxonomy":"category","embeddable":true,"href":"https:\/\/www.europesays.com\/fr\/wp-json\/wp\/v2\/categories?post=182088"},{"taxonomy":"post_tag","embeddable":true,"href":"https:\/\/www.europesays.com\/fr\/wp-json\/wp\/v2\/tags?post=182088"}],"curies":[{"name":"wp","href":"https:\/\/api.w.org\/{rel}","templated":true}]}}