{"id":182098,"date":"2025-06-17T00:28:14","date_gmt":"2025-06-17T00:28:14","guid":{"rendered":"https:\/\/www.europesays.com\/fr\/182098\/"},"modified":"2025-06-17T00:28:14","modified_gmt":"2025-06-17T00:28:14","slug":"une-quinquagenaire-mise-en-examen-apres-avoir-poignarde-a-mort-son-concubin-2","status":"publish","type":"post","link":"https:\/\/www.europesays.com\/fr\/182098\/","title":{"rendered":"Une quinquag\u00e9naire mise en examen apr\u00e8s avoir poignard\u00e9 \u00e0 mort son concubin"},"content":{"rendered":"<p><strong>DRAME FAMILIAL &#8211; Pr\u00e8s de Nantes, un homme de 49 ans a \u00e9t\u00e9 mortellement poignard\u00e9 vendredi. Sa compagne a \u00e9t\u00e9 mise en examen pour meurtre et plac\u00e9e en d\u00e9tention<\/strong><\/p>\n<p>Un homme de 49 ans a \u00e9t\u00e9 mortellement poignard\u00e9 vendredi dans les parties communes de son immeuble. Sa compagne, une femme d\u2019une cinquantaine d\u2019ann\u00e9es, a \u00e9t\u00e9 <a href=\"https:\/\/www.20minutes.fr\/dossier\/mise_en_examen?at_medium=RSS%20feed&amp;at_campaign=ynews&amp;utm_source=yahoo&amp;utm_medium=rss&amp;utm_campaign=news_feed&amp;utm_content=in_article_link\" rel=\"nofollow noopener\" target=\"_blank\" data-ylk=\"slk:mise en examen;elm:context_link;itc:0;sec:content-canvas\" class=\"link \">mise en examen<\/a> pour <a href=\"https:\/\/www.20minutes.fr\/dossier\/meurtre?at_medium=RSS%20feed&amp;at_campaign=ynews&amp;utm_source=yahoo&amp;utm_medium=rss&amp;utm_campaign=news_feed&amp;utm_content=in_article_link\" rel=\"nofollow noopener\" target=\"_blank\" data-ylk=\"slk:meurtre;elm:context_link;itc:0;sec:content-canvas\" class=\"link \">meurtre<\/a> et plac\u00e9e en d\u00e9tention provisoire, a confirm\u00e9 le parquet de Nantes lundi.<\/p>\n<p>Les faits se sont d\u00e9roul\u00e9s dans un appartement de Rez\u00e9, au sud de <a href=\"https:\/\/www.20minutes.fr\/nantes\/?at_medium=RSS%20feed&amp;at_campaign=ynews&amp;utm_source=yahoo&amp;utm_medium=rss&amp;utm_campaign=news_feed&amp;utm_content=in_article_link\" rel=\"nofollow noopener\" target=\"_blank\" data-ylk=\"slk:Nantes;elm:context_link;itc:0;sec:content-canvas\" class=\"link \">Nantes<\/a>, o\u00f9 le couple r\u00e9sidait. L\u2019alerte a \u00e9t\u00e9 donn\u00e9e apr\u00e8s la d\u00e9couverte du corps de la victime, gisant dans une mare de sang. Selon Presse-Oc\u00e9an, plusieurs r\u00e9sidents de l\u2019immeuble ont entendu une violente dispute sans oser intervenir.<\/p>\n<p>La concubine de la victime en garde \u00e0 vue<\/p>\n<p>\u00ab\u00a0La concubine de la victime a \u00e9t\u00e9 plac\u00e9e en garde \u00e0 vue, puis pr\u00e9sent\u00e9e \u00e0 un juge d\u2019instruction dimanche\u00a0\u00bb, a pr\u00e9cis\u00e9 Antoine Leroy, <a href=\"https:\/\/www.20minutes.fr\/dossier\/procureur_de_la_republique?at_medium=RSS%20feed&amp;at_campaign=ynews&amp;utm_source=yahoo&amp;utm_medium=rss&amp;utm_campaign=news_feed&amp;utm_content=in_article_link\" rel=\"nofollow noopener\" target=\"_blank\" data-ylk=\"slk:procureur de la R\u00e9publique;elm:context_link;itc:0;sec:content-canvas\" class=\"link \">procureur de la R\u00e9publique<\/a> de Nantes. Elle a \u00e9t\u00e9 mise en examen pour meurtre par concubine et \u00e9crou\u00e9e dans la foul\u00e9e.<\/p>\n<p><a href=\"https:\/\/www.20minutes.fr\/societe\/loire-atlantique\/\" rel=\"nofollow noopener\" target=\"_blank\" data-ylk=\"slk:Toute l&#039;info en Loire-Atlantique;elm:context_link;itc:0;sec:content-canvas\" class=\"link \">Toute l&rsquo;info en Loire-Atlantique<\/a><\/p>\n<p>L\u2019homme, n\u00e9 en\u00a01976, aurait re\u00e7u plusieurs <a href=\"https:\/\/www.20minutes.fr\/dossier\/coup_de_couteau?at_medium=RSS%20feed&amp;at_campaign=ynews&amp;utm_source=yahoo&amp;utm_medium=rss&amp;utm_campaign=news_feed&amp;utm_content=in_article_link\" rel=\"nofollow noopener\" target=\"_blank\" data-ylk=\"slk:coups de couteau;elm:context_link;itc:0;sec:content-canvas\" class=\"link \">coups de couteau<\/a>. Le parquet n\u2019a pas encore communiqu\u00e9 de pr\u00e9cisions sur le mobile du geste. Une enqu\u00eate a \u00e9t\u00e9 ouverte pour \u00e9claircir les circonstances exactes de ce drame conjugal, survenu en plein c\u0153ur d\u2019un quartier r\u00e9sidentiel.<\/p>\n<p><a href=\"https:\/\/www.20minutes.fr\/faits_divers\/4158848-20250616-nantes-quinquagenaire-mise-examen-apres-avoir-poignarde-mort-concubin?at_medium=RSS%20feed&amp;at_campaign=ynews&amp;utm_source=yahoo&amp;utm_medium=rss&amp;utm_campaign=news_feed&amp;utm_content=read_more_link&quot;\" rel=\"nofollow noopener\" target=\"_blank\" data-ylk=\"slk:Lire la suite sur 20minutes;elm:context_link;itc:0;sec:content-canvas\" class=\"link \">Lire la suite sur 20minutes<\/a><\/p>\n<p>\u00c0 lire aussi :<br \/><a href=\"https:\/\/www.20minutes.fr\/faits_divers\/faits-divers-nantes\/4156129-20250530-nantes-jeune-femme-19-ans-poignardee-plusieurs-reprises-ex-compagnon-activement-recherche?at_medium=RSS%20feed&amp;at_campaign=ynews&amp;utm_source=yahoo&amp;utm_medium=rss&amp;utm_campaign=news_feed&amp;utm_content=related_content_link\" rel=\"nofollow noopener\" target=\"_blank\" data-ylk=\"slk:Nantes\u00a0: Une jeune femme de 19 ans poignard\u00e9e \u00e0 plusieurs reprises, son ex-compagnon activement recherch\u00e9;elm:context_link;itc:0;sec:content-canvas\" class=\"link \">Nantes\u00a0: Une jeune femme de 19 ans poignard\u00e9e \u00e0 plusieurs reprises, son ex-compagnon activement recherch\u00e9<\/a><br \/><a href=\"https:\/\/www.20minutes.fr\/nantes\/4150107-20250424-loire-atlantique-femme-mise-examen-homicide-apres-abandon-bebe?at_medium=RSS%20feed&amp;at_campaign=ynews&amp;utm_source=yahoo&amp;utm_medium=rss&amp;utm_campaign=news_feed&amp;utm_content=related_content_link\" rel=\"nofollow noopener\" target=\"_blank\" data-ylk=\"slk:Loire-Atlantique\u00a0: Une femme mise en examen pour homicide apr\u00e8s l\u2019abandon de son b\u00e9b\u00e9;elm:context_link;itc:0;sec:content-canvas\" class=\"link \">Loire-Atlantique\u00a0: Une femme mise en examen pour homicide apr\u00e8s l\u2019abandon de son b\u00e9b\u00e9<\/a><\/p>\n","protected":false},"excerpt":{"rendered":"DRAME FAMILIAL &#8211; Pr\u00e8s de Nantes, un homme de 49 ans a \u00e9t\u00e9 mortellement poignard\u00e9 vendredi. Sa compagne&hellip;\n","protected":false},"author":2,"featured_media":182099,"comment_status":"","ping_status":"","sticky":false,"template":"","format":"standard","meta":{"footnotes":""},"categories":[2818],"tags":[1111,11,5816,1777,674,1011,27,5117,766,12,2636,3764,25],"class_list":{"0":"post-182098","1":"post","2":"type-post","3":"status-publish","4":"format-standard","5":"has-post-thumbnail","7":"category-nantes","8":"tag-actu","9":"tag-actualites","10":"tag-detention-provisoire","11":"tag-eu","12":"tag-europe","13":"tag-fr","14":"tag-france","15":"tag-mise-en-examen","16":"tag-nantes","17":"tag-news","18":"tag-pays-de-la-loire","19":"tag-procureur-de-la-republique","20":"tag-republique-francaise"},"share_on_mastodon":{"url":"https:\/\/pubeurope.com\/@fr\/114695877791054636","error":""},"_links":{"self":[{"href":"https:\/\/www.europesays.com\/fr\/wp-json\/wp\/v2\/posts\/182098","targetHints":{"allow":["GET"]}}],"collection":[{"href":"https:\/\/www.europesays.com\/fr\/wp-json\/wp\/v2\/posts"}],"about":[{"href":"https:\/\/www.europesays.com\/fr\/wp-json\/wp\/v2\/types\/post"}],"author":[{"embeddable":true,"href":"https:\/\/www.europesays.com\/fr\/wp-json\/wp\/v2\/users\/2"}],"replies":[{"embeddable":true,"href":"https:\/\/www.europesays.com\/fr\/wp-json\/wp\/v2\/comments?post=182098"}],"version-history":[{"count":0,"href":"https:\/\/www.europesays.com\/fr\/wp-json\/wp\/v2\/posts\/182098\/revisions"}],"wp:featuredmedia":[{"embeddable":true,"href":"https:\/\/www.europesays.com\/fr\/wp-json\/wp\/v2\/media\/182099"}],"wp:attachment":[{"href":"https:\/\/www.europesays.com\/fr\/wp-json\/wp\/v2\/media?parent=182098"}],"wp:term":[{"taxonomy":"category","embeddable":true,"href":"https:\/\/www.europesays.com\/fr\/wp-json\/wp\/v2\/categories?post=182098"},{"taxonomy":"post_tag","embeddable":true,"href":"https:\/\/www.europesays.com\/fr\/wp-json\/wp\/v2\/tags?post=182098"}],"curies":[{"name":"wp","href":"https:\/\/api.w.org\/{rel}","templated":true}]}}