{"id":182101,"date":"2025-06-17T00:30:24","date_gmt":"2025-06-17T00:30:24","guid":{"rendered":"https:\/\/www.europesays.com\/fr\/182101\/"},"modified":"2025-06-17T00:30:24","modified_gmt":"2025-06-17T00:30:24","slug":"vos-pass-pour-le-festival-garorock-2025-avec-rtl2-bordeaux","status":"publish","type":"post","link":"https:\/\/www.europesays.com\/fr\/182101\/","title":{"rendered":"Vos pass pour le festival Garorock 2025 avec RTL2 Bordeaux"},"content":{"rendered":"<p class=\"article-p mdl\">Cette ann\u00e9e, partez \u00e0 Marmande pour d\u00e9couvrir l&rsquo;\u00e9dition 2024 du festival\u00a0<a class=\"link\" href=\"https:\/\/www.garorock.com\/fr\" target=\"_blank\" rel=\"noopener\">Garorock<\/a>\u00a0!\u00a0<a class=\"link\" href=\"https:\/\/www.facebook.com\/rtl2bordeaux\" target=\"_blank\" rel=\"noopener\">RTL2 Bordeaux<\/a>\u00a0vous offre vos pass 4 jours pour aller applaudir <strong>The Black Keys, The Last Dinner Party, Yseult, Hoshi<\/strong>\u00a0et plein d&rsquo;autres !<\/p>\n<\/p>\n<p class=\"article-p mdl\"><strong>Pour gagner vos pass 4 jours, \u00e9coutez RTL2 Bordeaux toute cette semaine, d\u00e8s que vous entendez le signal RTL2, appelez au 05 40 25 33 11 !<\/strong><\/p>\n<p class=\"article-p mdl\"><strong\/><br \/>(fin du jeu le vendredi 20\/06\/2025)<\/p>\n<p>\n                                    Lire la suite\n                                <\/p>\n","protected":false},"excerpt":{"rendered":"Cette ann\u00e9e, partez \u00e0 Marmande pour d\u00e9couvrir l&rsquo;\u00e9dition 2024 du festival\u00a0Garorock\u00a0!\u00a0RTL2 Bordeaux\u00a0vous offre vos pass 4 jours pour&hellip;\n","protected":false},"author":2,"featured_media":182102,"comment_status":"","ping_status":"","sticky":false,"template":"","format":"standard","meta":{"footnotes":""},"categories":[2817],"tags":[1111,11,31992,677,1997,1777,674,3696,1011,27,31991,873,12,2219,20743,25,4251,31990],"class_list":{"0":"post-182101","1":"post","2":"type-post","3":"status-publish","4":"format-standard","5":"has-post-thumbnail","7":"category-bordeaux","8":"tag-actu","9":"tag-actualites","10":"tag-black-keys","11":"tag-bons-plans","12":"tag-bordeaux","13":"tag-eu","14":"tag-europe","15":"tag-evenements","16":"tag-fr","17":"tag-france","18":"tag-hoshi","19":"tag-musique","20":"tag-news","21":"tag-nouvelle-aquitaine","22":"tag-partenariats","23":"tag-republique-francaise","24":"tag-sortir","25":"tag-yseult"},"share_on_mastodon":{"url":"https:\/\/pubeurope.com\/@fr\/114695885668534788","error":""},"_links":{"self":[{"href":"https:\/\/www.europesays.com\/fr\/wp-json\/wp\/v2\/posts\/182101","targetHints":{"allow":["GET"]}}],"collection":[{"href":"https:\/\/www.europesays.com\/fr\/wp-json\/wp\/v2\/posts"}],"about":[{"href":"https:\/\/www.europesays.com\/fr\/wp-json\/wp\/v2\/types\/post"}],"author":[{"embeddable":true,"href":"https:\/\/www.europesays.com\/fr\/wp-json\/wp\/v2\/users\/2"}],"replies":[{"embeddable":true,"href":"https:\/\/www.europesays.com\/fr\/wp-json\/wp\/v2\/comments?post=182101"}],"version-history":[{"count":0,"href":"https:\/\/www.europesays.com\/fr\/wp-json\/wp\/v2\/posts\/182101\/revisions"}],"wp:featuredmedia":[{"embeddable":true,"href":"https:\/\/www.europesays.com\/fr\/wp-json\/wp\/v2\/media\/182102"}],"wp:attachment":[{"href":"https:\/\/www.europesays.com\/fr\/wp-json\/wp\/v2\/media?parent=182101"}],"wp:term":[{"taxonomy":"category","embeddable":true,"href":"https:\/\/www.europesays.com\/fr\/wp-json\/wp\/v2\/categories?post=182101"},{"taxonomy":"post_tag","embeddable":true,"href":"https:\/\/www.europesays.com\/fr\/wp-json\/wp\/v2\/tags?post=182101"}],"curies":[{"name":"wp","href":"https:\/\/api.w.org\/{rel}","templated":true}]}}