{"id":182107,"date":"2025-06-17T00:33:11","date_gmt":"2025-06-17T00:33:11","guid":{"rendered":"https:\/\/www.europesays.com\/fr\/182107\/"},"modified":"2025-06-17T00:33:11","modified_gmt":"2025-06-17T00:33:11","slug":"il-arrive-en-djellaba-a-une-formation-sur-la-radicalisation-un-policier-stagiaire-du-nord-radie","status":"publish","type":"post","link":"https:\/\/www.europesays.com\/fr\/182107\/","title":{"rendered":"Il arrive en djellaba \u00e0 une formation sur la radicalisation, un policier stagiaire du Nord radi\u00e9"},"content":{"rendered":"<p>Le tribunal administratif de Lille a donn\u00e9 raison \u00e0 la mairie de\u00a0Lys-Lez-Lannoy (<a href=\"https:\/\/lille.maville.com\/actu\/actudet_-ils-font-construire-un-nouveau-mur-et-tombent-sur-des-ossements-pouvant-dater-du-roi-dagobert-_12679-6855883_actu.Htm\" target=\"_self\" rel=\"nofollow noopener\">Nord<\/a>) au sujet de la radiation d\u2019un policier stagiaire, en 2023. L\u2019agent, qui n\u2019\u00e9tait pas encore titulaire, a multipli\u00e9 les manquements \u00e0 sa fonction, rapporte <a href=\"https:\/\/www.lavoixdunord.fr\/1596002\/article\/2025-06-14\/un-policier-municipal-radie-pour-etre-venu-en-djellaba-une-formation-sur-la\" target=\"_blank\" rel=\"nofollow noopener\"> La Voix du Nord <\/a> samedi 14\u00a0juin 2025.<\/p>\n<p>Parmi les griefs mis en avant par la municipalit\u00e9\u00a0:\u00a0des retards r\u00e9p\u00e9t\u00e9s, des initiatives personnelles non autoris\u00e9es en intervention ou encore l\u2019oubli du gilet pare-balles.<\/p>\n<p>\u00ab\u00a0Un d\u00e9faut de positionnement caract\u00e9ris\u00e9\u00a0\u00bb<\/p>\n<p>Mais l\u2019incident de trop s\u2019est produit le 19\u00a0octobre 2022. Ce jour-l\u00e0, l\u2019homme a tent\u00e9 une blague de tr\u00e8s mauvais go\u00fbt lors d\u2019une session\u00a0de formation sur la\u00a0pr\u00e9vention de la radicalisation. Il est arriv\u00e9, en retard une nouvelle fois, <strong>\u00ab\u00a0rev\u00eatu d\u2019une djellaba blanche et en s\u2019exprimant avec un accent arabe prononc\u00e9 pour provoquer l\u2019hilarit\u00e9 de ses camarades\u00a0\u00bb<\/strong>, d\u00e9crit le tribunal.<\/p>\n<p>Si la justice a annul\u00e9, pour la forme, les deux arr\u00eat\u00e9s municipaux prix \u00e0 l\u2019encontre du policier stagiaire en avril et juillet\u00a02023, elle a valid\u00e9 la d\u00e9cision de la commune de mettre fin \u00e0 ses missions. Le tribunal a mis en avant <strong>\u00ab\u00a0un d\u00e9faut de positionnement caract\u00e9ris\u00e9 au regard des fonctions qu\u2019il avait vocation \u00e0 occuper\u00a0\u00bb<\/strong>.<\/p>\n<p>Pour en savoir plus\u00a0: lire l\u2019article de <a href=\"https:\/\/www.lavoixdunord.fr\/1596002\/article\/2025-06-14\/un-policier-municipal-radie-pour-etre-venu-en-djellaba-une-formation-sur-la\" target=\"_blank\" rel=\"nofollow noopener\"> La Voix du Nord <\/a>.<\/p>\n<p>\u00a0<\/p>\n","protected":false},"excerpt":{"rendered":"Le tribunal administratif de Lille a donn\u00e9 raison \u00e0 la mairie de\u00a0Lys-Lez-Lannoy (Nord) au sujet de la radiation&hellip;\n","protected":false},"author":2,"featured_media":182108,"comment_status":"","ping_status":"","sticky":false,"template":"","format":"standard","meta":{"footnotes":""},"categories":[2815],"tags":[1111,11,15200,31993,1777,674,1119,1011,27,811,1307,12,1308,10910,21716,31995,25,31994],"class_list":{"0":"post-182107","1":"post","2":"type-post","3":"status-publish","4":"format-standard","5":"has-post-thumbnail","7":"category-lille","8":"tag-actu","9":"tag-actualites","10":"tag-arrive","11":"tag-djellaba","12":"tag-eu","13":"tag-europe","14":"tag-formation","15":"tag-fr","16":"tag-france","17":"tag-hauts-de-france","18":"tag-lille","19":"tag-news","20":"tag-nord","21":"tag-policier","22":"tag-radicalisation","23":"tag-radie","24":"tag-republique-francaise","25":"tag-stagiaire"},"share_on_mastodon":{"url":"https:\/\/pubeurope.com\/@fr\/114695897450483194","error":""},"_links":{"self":[{"href":"https:\/\/www.europesays.com\/fr\/wp-json\/wp\/v2\/posts\/182107","targetHints":{"allow":["GET"]}}],"collection":[{"href":"https:\/\/www.europesays.com\/fr\/wp-json\/wp\/v2\/posts"}],"about":[{"href":"https:\/\/www.europesays.com\/fr\/wp-json\/wp\/v2\/types\/post"}],"author":[{"embeddable":true,"href":"https:\/\/www.europesays.com\/fr\/wp-json\/wp\/v2\/users\/2"}],"replies":[{"embeddable":true,"href":"https:\/\/www.europesays.com\/fr\/wp-json\/wp\/v2\/comments?post=182107"}],"version-history":[{"count":0,"href":"https:\/\/www.europesays.com\/fr\/wp-json\/wp\/v2\/posts\/182107\/revisions"}],"wp:featuredmedia":[{"embeddable":true,"href":"https:\/\/www.europesays.com\/fr\/wp-json\/wp\/v2\/media\/182108"}],"wp:attachment":[{"href":"https:\/\/www.europesays.com\/fr\/wp-json\/wp\/v2\/media?parent=182107"}],"wp:term":[{"taxonomy":"category","embeddable":true,"href":"https:\/\/www.europesays.com\/fr\/wp-json\/wp\/v2\/categories?post=182107"},{"taxonomy":"post_tag","embeddable":true,"href":"https:\/\/www.europesays.com\/fr\/wp-json\/wp\/v2\/tags?post=182107"}],"curies":[{"name":"wp","href":"https:\/\/api.w.org\/{rel}","templated":true}]}}