{"id":182111,"date":"2025-06-17T00:35:18","date_gmt":"2025-06-17T00:35:18","guid":{"rendered":"https:\/\/www.europesays.com\/fr\/182111\/"},"modified":"2025-06-17T00:35:18","modified_gmt":"2025-06-17T00:35:18","slug":"un-homme-braque-pour-son-scooter-a-marseille","status":"publish","type":"post","link":"https:\/\/www.europesays.com\/fr\/182111\/","title":{"rendered":"Un homme braqu\u00e9 pour son scooter \u00e0 Marseille"},"content":{"rendered":"<p>Il \u00e9tait environ 23h, le samedi 14 juin 2025, lorsque le propri\u00e9taire d&rsquo;un scooter T-Max a \u00e9t\u00e9 abord\u00e9 par deux hommes arm\u00e9s, rue de Ruffi, dans le <a href=\"https:\/\/www.laprovence.com\/article\/faits-divers-justice\/14348648106145\/a-marseille-la-cite-judiciaire-toujours-flechee-vers-le-quartier-arenc\" target=\"_blank\" rel=\"nofollow noopener\">quartier d&rsquo;Arenc<\/a>, dans le 2e arrondissement de <a href=\"https:\/\/www.laprovence.com\/bouches-du-rhone\/marseille-13055\" target=\"_blank\" rel=\"nofollow noopener\">Marseille<\/a>.<\/p>\n<p>Sous la menace d&rsquo;une arme de poing, les deux braqueurs dont les visages \u00e9taient dissimul\u00e9s se sont fait remettre le deux-roues. L&rsquo;un d&rsquo;eux est reparti au guidon du Yamaha tandis que le second prenait la fuite au volant d&rsquo;une Renault Clio. La voiture a \u00e9t\u00e9 retrouv\u00e9e peu apr\u00e8s par les services de police dans le 3e arrondissement.<\/p>\n<p>Indemne, la victime, \u00e2g\u00e9e de 24 ans, a d\u00e9pos\u00e9 plainte et une enqu\u00eate a \u00e9t\u00e9 ouverte par la police, qui a retrouv\u00e9 la trace du scooter ce lundi, toujours dans le 3e arrondissement.\u00a0\u00a0<\/p>\n","protected":false},"excerpt":{"rendered":"Il \u00e9tait environ 23h, le samedi 14 juin 2025, lorsque le propri\u00e9taire d&rsquo;un scooter T-Max a \u00e9t\u00e9 abord\u00e9&hellip;\n","protected":false},"author":2,"featured_media":182112,"comment_status":"","ping_status":"","sticky":false,"template":"","format":"standard","meta":{"footnotes":""},"categories":[2814],"tags":[17,1111,11,28036,1777,674,274,1011,27,4933,884,12,471,882,25,6291,3711],"class_list":{"0":"post-182111","1":"post","2":"type-post","3":"status-publish","4":"format-standard","5":"has-post-thumbnail","7":"category-marseille","8":"tag-17","9":"tag-actu","10":"tag-actualites","11":"tag-braque","12":"tag-eu","13":"tag-europe","14":"tag-faits-divers-justice","15":"tag-fr","16":"tag-france","17":"tag-homme","18":"tag-marseille","19":"tag-news","20":"tag-pour","21":"tag-provence-alpes-cote-dazur","22":"tag-republique-francaise","23":"tag-scooter","24":"tag-son"},"share_on_mastodon":{"url":"https:\/\/pubeurope.com\/@fr\/114695905312357972","error":""},"_links":{"self":[{"href":"https:\/\/www.europesays.com\/fr\/wp-json\/wp\/v2\/posts\/182111","targetHints":{"allow":["GET"]}}],"collection":[{"href":"https:\/\/www.europesays.com\/fr\/wp-json\/wp\/v2\/posts"}],"about":[{"href":"https:\/\/www.europesays.com\/fr\/wp-json\/wp\/v2\/types\/post"}],"author":[{"embeddable":true,"href":"https:\/\/www.europesays.com\/fr\/wp-json\/wp\/v2\/users\/2"}],"replies":[{"embeddable":true,"href":"https:\/\/www.europesays.com\/fr\/wp-json\/wp\/v2\/comments?post=182111"}],"version-history":[{"count":0,"href":"https:\/\/www.europesays.com\/fr\/wp-json\/wp\/v2\/posts\/182111\/revisions"}],"wp:featuredmedia":[{"embeddable":true,"href":"https:\/\/www.europesays.com\/fr\/wp-json\/wp\/v2\/media\/182112"}],"wp:attachment":[{"href":"https:\/\/www.europesays.com\/fr\/wp-json\/wp\/v2\/media?parent=182111"}],"wp:term":[{"taxonomy":"category","embeddable":true,"href":"https:\/\/www.europesays.com\/fr\/wp-json\/wp\/v2\/categories?post=182111"},{"taxonomy":"post_tag","embeddable":true,"href":"https:\/\/www.europesays.com\/fr\/wp-json\/wp\/v2\/tags?post=182111"}],"curies":[{"name":"wp","href":"https:\/\/api.w.org\/{rel}","templated":true}]}}