{"id":182117,"date":"2025-06-17T00:38:23","date_gmt":"2025-06-17T00:38:23","guid":{"rendered":"https:\/\/www.europesays.com\/fr\/182117\/"},"modified":"2025-06-17T00:38:23","modified_gmt":"2025-06-17T00:38:23","slug":"un-numero-de-secours-communique-en-cas-durgence","status":"publish","type":"post","link":"https:\/\/www.europesays.com\/fr\/182117\/","title":{"rendered":"un num\u00e9ro de secours communiqu\u00e9 en cas d&rsquo;urgence"},"content":{"rendered":"<p>            Par<br \/>\n        <strong><br \/>\n            <a href=\"https:\/\/actu.fr\/auteur\/julien-damboise\" title=\"Consulter tous les articles de Julien Damboise\" target=\"_blank\" rel=\"noopener\">Julien Damboise<\/a><br \/>\n        <\/strong><\/p>\n<p>        Publi\u00e9 le<\/p>\n<p>            16 juin 2025 \u00e0 17h24        <\/p>\n<p>Des milliers de personnes sont touch\u00e9es par une <a href=\"https:\/\/actu.fr\/sciences-technologie\/sfr-grosse-panne-nationale-chez-l-operateur-des-millions-de-clients-prives-de-reseau_62778421.html\" target=\"_blank\" rel=\"noopener\">panne g\u00e9ante<\/a> du r\u00e9seau mobile SFR ce lundi 16 juin, y compris \u00e0 <a href=\"https:\/\/actu.fr\/auvergne-rhone-alpes\/lyon_69123\" target=\"_blank\" rel=\"noopener\">Lyon<\/a>. M\u00eame si les num\u00e9ros d\u2019urgence ne semblent pas impact\u00e9s, la pr\u00e9fecture du Rh\u00f4ne donne la marche \u00e0 suivre pour <strong>contacter les secours<\/strong> en cas d\u2019urgence vitale grave.<\/p>\n<p>Le 112<\/p>\n<p class=\" wall-content\">Alors que la panne nationale touche le r\u00e9seau SFR ce lundi 16 juin, et que \u00abl\u2019op\u00e9rateur met tout en \u0153uvre pour permettre le retour \u00e0 la normale de son r\u00e9seau \u00bb, selon la pr\u00e9fecture de r\u00e9gion Auvergne-Rh\u00f4ne-Alpes et du Rh\u00f4ne, des <strong>consignes<\/strong> ont \u00e9t\u00e9 pass\u00e9es pour contacter si besoin les secours.<\/p>\n<p class=\" wall-content\">Pour ceux qui ne peuvent plus contacter le 18, le num\u00e9ro des pompiers, composez imm\u00e9diatement le <strong>112<\/strong>. Il s\u2019agit du num\u00e9ro d\u2019appel d\u2019urgence europ\u00e9en, accessible m\u00eame sans r\u00e9seau op\u00e9rateur.<\/p>\n<p class=\" wall-content\">\n<p>SFR r\u00e9agit<\/p>\n<p class=\" wall-content\">Contact\u00e9 par actu Lyon, SFR Auvergne-Rh\u00f4ne-Alpes confirme qu\u2019un \u00ab\u00a0incident technique impacte actuellement le r\u00e9seau\u00a0\u00bb.<\/p>\n<p class=\" wall-content\">La direction assure par ailleurs que \u00ab\u00a0les \u00e9quipes techniques sont <strong>pleinement mobilis\u00e9es<\/strong> pour r\u00e9tablir la situation\u00a0\u00bb, et conclut avec des excuses aupr\u00e8s des usagers.<\/p>\n<p>Vid\u00e9os : en ce moment sur Actu<\/p>\n<p class=\" wall-content\">Suivez toute l\u2019actualit\u00e9 de vos villes et m\u00e9dias favoris en vous inscrivant \u00e0 <a href=\"https:\/\/moncompte.actu.fr\" title=\"D\u00e9couvez Mon Actu\" rel=\"nofollow noopener\" data-trk=\"{&quot;cta&quot;:{&quot;action&quot;:&quot;https:\\\/\\\/moncompte.actu.fr&quot;,&quot;category&quot;:&quot;mon compte&quot;,&quot;from&quot;:&quot;article footer&quot;,&quot;name&quot;:&quot;Mon actu&quot;,&quot;type&quot;:&quot;cta&quot;}}\" target=\"_blank\">Mon Actu<\/a>.<\/p>\n","protected":false},"excerpt":{"rendered":"Par Julien Damboise Publi\u00e9 le 16 juin 2025 \u00e0 17h24 Des milliers de personnes sont touch\u00e9es par une&hellip;\n","protected":false},"author":2,"featured_media":182118,"comment_status":"","ping_status":"","sticky":false,"template":"","format":"standard","meta":{"footnotes":""},"categories":[1889],"tags":[1111,11,2430,1777,674,1011,27,2428,12,10899,1311,9450,25,104],"class_list":{"0":"post-182117","1":"post","2":"type-post","3":"status-publish","4":"format-standard","5":"has-post-thumbnail","7":"category-lyon","8":"tag-actu","9":"tag-actualites","10":"tag-auvergne-rhone-alpes","11":"tag-eu","12":"tag-europe","13":"tag-fr","14":"tag-france","15":"tag-lyon","16":"tag-news","17":"tag-panne","18":"tag-pompiers","19":"tag-prefecture-du-rhone","20":"tag-republique-francaise","21":"tag-societe"},"share_on_mastodon":{"url":"","error":""},"_links":{"self":[{"href":"https:\/\/www.europesays.com\/fr\/wp-json\/wp\/v2\/posts\/182117","targetHints":{"allow":["GET"]}}],"collection":[{"href":"https:\/\/www.europesays.com\/fr\/wp-json\/wp\/v2\/posts"}],"about":[{"href":"https:\/\/www.europesays.com\/fr\/wp-json\/wp\/v2\/types\/post"}],"author":[{"embeddable":true,"href":"https:\/\/www.europesays.com\/fr\/wp-json\/wp\/v2\/users\/2"}],"replies":[{"embeddable":true,"href":"https:\/\/www.europesays.com\/fr\/wp-json\/wp\/v2\/comments?post=182117"}],"version-history":[{"count":0,"href":"https:\/\/www.europesays.com\/fr\/wp-json\/wp\/v2\/posts\/182117\/revisions"}],"wp:featuredmedia":[{"embeddable":true,"href":"https:\/\/www.europesays.com\/fr\/wp-json\/wp\/v2\/media\/182118"}],"wp:attachment":[{"href":"https:\/\/www.europesays.com\/fr\/wp-json\/wp\/v2\/media?parent=182117"}],"wp:term":[{"taxonomy":"category","embeddable":true,"href":"https:\/\/www.europesays.com\/fr\/wp-json\/wp\/v2\/categories?post=182117"},{"taxonomy":"post_tag","embeddable":true,"href":"https:\/\/www.europesays.com\/fr\/wp-json\/wp\/v2\/tags?post=182117"}],"curies":[{"name":"wp","href":"https:\/\/api.w.org\/{rel}","templated":true}]}}