{"id":182127,"date":"2025-06-17T00:47:18","date_gmt":"2025-06-17T00:47:18","guid":{"rendered":"https:\/\/www.europesays.com\/fr\/182127\/"},"modified":"2025-06-17T00:47:18","modified_gmt":"2025-06-17T00:47:18","slug":"assassinat-politique-aux-usa-le-parcours-du-meurtrier-retrace-deux-autres-crimes-ont-ete-evites-de-justesse","status":"publish","type":"post","link":"https:\/\/www.europesays.com\/fr\/182127\/","title":{"rendered":"\u00a0\u00bbAssassinat politique\u00a0\u00bb aux USA: le parcours du meurtrier retrac\u00e9, deux autres crimes ont \u00e9t\u00e9 \u00e9vit\u00e9s de justesse"},"content":{"rendered":"<p class=\"ap-StoryElement ap-StoryElement--mb ap-StoryText\">Cette double attaque contre deux responsables d\u00e9mocrates, \u00e9lus respectivement \u00e0 la Chambre des repr\u00e9sentants et au S\u00e9nat de cet Etat plut\u00f4t tranquille frontalier du Canada, a choqu\u00e9 la classe politique, d\u00e9j\u00e0 plomb\u00e9e par des tensions partisanes extr\u00eamement pesantes.<\/p>\n<p class=\"ap-StoryElement ap-StoryElement--mb ap-StoryText\">\u00ab\u00a0C&rsquo;\u00e9tait un assassinat politique, un mot que nous n&rsquo;utilisons pas tr\u00e8s souvent aux Etats-Unis, et encore moins ici au Minnesota\u00a0\u00bb, a soulign\u00e9 le procureur f\u00e9d\u00e9ral, insistant sur le caract\u00e8re \u00ab\u00a0terrifiant\u00a0\u00bb du crime.<\/p>\n<p class=\"ap-StoryElement ap-StoryElement--mb ap-StoryText\">\u00ab\u00a0J&rsquo;esp\u00e8re que cela sera une piq\u00fbre de rappel pour tout le monde\u00a0\u00bb, a ajout\u00e9 M. Thompson. \u00ab\u00a0Les gens peuvent ne pas \u00eatre d&rsquo;accord avec vous sans qu&rsquo;il faille pour autant les tuer ou leur faire du mal\u00a0\u00bb.<\/p>\n<p><a href=\"https:\/\/www.lalibre.be\/international\/amerique\/2025\/06\/15\/la-violence-politique-se-banalise-lassassinat-dune-elue-democrate-dans-le-minnesota-souligne-la-dangereuse-derive-en-cours-aux-etats-unis-UQASXYZINBG3JGMAB3DPA3ZX74\/\" target=\"_blank\" rel=\"noopener noreferrer\" class=\"ap-StoryInterstitialLink ap-StoryElement ap-StoryElement--mb\">\u00ab\u00a0La violence politique se banalise\u00a0\u00bb : l&rsquo;assassinat d&rsquo;une \u00e9lue d\u00e9mocrate dans le Minnesota souligne la dangereuse d\u00e9rive en cours aux \u00c9tats-Unis<\/a><\/p>\n<p class=\"ap-StoryElement ap-StoryElement--mb ap-StoryText\">Aux toutes premi\u00e8res heures du 14 juin, le suspect \u00ab\u00a0s&rsquo;est rendu aux domiciles de quatre \u00e9lus de l&rsquo;Etat du Minnesota avec l&rsquo;intention de les tuer\u00a0\u00bb, a affirm\u00e9 M. Thompson.<\/p>\n<p class=\"ap-StoryElement ap-StoryElement--mb ap-StoryText\">Mais deux de ces tentatives ont \u00e9chou\u00e9, l&rsquo;une parce que l&rsquo;\u00e9lue vis\u00e9e \u00e9tait partie en vacances avec sa famille et l&rsquo;autre gr\u00e2ce \u00e0 la pr\u00e9sence sur les lieux d&rsquo;une voiture de police, a-t-il expliqu\u00e9.<\/p>\n<p>Liste de plus de 45 \u00e9lus<\/p>\n<p class=\"ap-StoryElement ap-StoryElement--mb ap-StoryText\">Vance Boelter est \u00e9galement vis\u00e9 au niveau de l&rsquo;Etat du Minnesota par deux chefs d&rsquo;accusation de meurtre et deux de tentative de meurtre. Mais la procureure g\u00e9n\u00e9rale du comt\u00e9 de Hennepin, \u00e0 Minneapolis, Mary Moriarty a annonc\u00e9 lundi son intention d&rsquo;engager des poursuites pour assassinat.<\/p>\n<p class=\"ap-StoryElement ap-StoryElement--mb ap-StoryText\">S&rsquo;il est reconnu coupable, il encourt la \u00ab\u00a0perp\u00e9tuit\u00e9 sans possibilit\u00e9 de lib\u00e9ration conditionnelle\u00a0\u00bb, a-t-elle soulign\u00e9.<\/p>\n<p class=\"ap-StoryElement ap-StoryElement--mb ap-StoryText\">La proc\u00e9dure f\u00e9d\u00e9rale devrait prendre le pas sur celle du Minnesota qui se poursuivra parall\u00e8lement, a indiqu\u00e9 Joe Thompson, pr\u00e9cisant que Vance Boelter \u00e9tait pass\u00e9 lundi sous la garde des autorit\u00e9s f\u00e9d\u00e9rales.<\/p>\n<p class=\"ap-StoryElement ap-StoryElement--mb ap-StoryText\">Il sera pr\u00e9sent\u00e9 pour la premi\u00e8re fois \u00e0 un juge f\u00e9d\u00e9ral \u00e0 13H30 locales (18H30 GMT).<\/p>\n<p class=\"ap-StoryElement ap-StoryElement--mb ap-StoryText\">Sa cavale a pris fin dimanche soir dans la localit\u00e9 de Green Isle, \u00e0 plus d&rsquo;une heure \u00e0 l&rsquo;ouest de Minneapolis.<\/p>\n<p class=\"ap-StoryElement ap-StoryElement--mb ap-StoryText\">La chasse \u00e0 l&rsquo;homme, la plus importante de l&rsquo;histoire du Minnesota, selon les autorit\u00e9s, a mobilis\u00e9 une centaine de policiers, assist\u00e9s notamment de drones.<\/p>\n<p class=\"ap-StoryElement ap-StoryElement--mb ap-StoryText\">Melissa Hortman, 55 ans, m\u00e8re de deux enfants, \u00e9tait une ancienne pr\u00e9sidente de la Chambre des repr\u00e9sentants du Minnesota. Elle avait fait de la protection du droit \u00e0 l&rsquo;IVG sa grande priorit\u00e9.<\/p>\n<p><a href=\"https:\/\/www.lalibre.be\/international\/amerique\/2025\/06\/16\/meurtre-dune-elue-democrate-aux-etats-unis-le-suspect-a-ete-arrete-4YS3Q6KOWNAD3H7ALF2KW6XPSU\/\" target=\"_blank\" rel=\"noopener noreferrer\" class=\"ap-StoryInterstitialLink ap-StoryElement ap-StoryElement--mb\">Meurtre d&rsquo;une \u00e9lue d\u00e9mocrate aux Etats-Unis: le suspect a \u00e9t\u00e9 arr\u00eat\u00e9<\/a><\/p>\n<p class=\"ap-StoryElement ap-StoryElement--mb ap-StoryText\">Mais le procureur f\u00e9d\u00e9ral a estim\u00e9 qu&rsquo;il \u00e9tait encore trop t\u00f4t pour se prononcer sur les motivations du crime. Les enqu\u00eateurs ont retrouv\u00e9 sur des carnets appartenant \u00e0 Vance Boelter \u00ab\u00a0une liste de plus de 45 \u00e9lus du Minnesota, au niveau de l&rsquo;Etat ou au niveau f\u00e9d\u00e9ral\u00a0\u00bb, a relev\u00e9 M. Thompson.<\/p>\n<p class=\"ap-StoryElement ap-StoryElement--mb ap-StoryText\">Le gouverneur d\u00e9mocrate du Minnesota, Tim Walz, colistier de Kamala Harris \u00e0 l&rsquo;\u00e9lection pr\u00e9sidentielle remport\u00e9e par Donald Trump, a appel\u00e9 \u00e0 ce que \u00ab\u00a0cet acte odieux\u00a0\u00bb ne \u00ab\u00a0devienne pas la norme\u00a0\u00bb.<\/p>\n<p class=\"ap-StoryElement ap-StoryElement--mb ap-StoryText\">\u00ab\u00a0Cela ne peut pas \u00eatre la mani\u00e8re de r\u00e9gler nos diff\u00e9rences politiques\u00a0\u00bb, a ajout\u00e9 Tim Walz, qui connaissait bien Melissa Hortman.<\/p>\n<p class=\"ap-StoryElement ap-StoryElement--mb ap-StoryText\">Donald Trump, qui a rapidement condamn\u00e9 l&rsquo;attaque \u00ab\u00a0terrible\u00a0\u00bb contre les \u00e9lus du Minnesota, a lui-m\u00eame \u00e9chapp\u00e9 \u00e0 deux tentatives d&rsquo;assassinat, dont une de justesse le 13 juillet 2024 lors d&rsquo;un meeting de campagne en Pennsylvanie (nord-est).<\/p>\n","protected":false},"excerpt":{"rendered":"Cette double attaque contre deux responsables d\u00e9mocrates, \u00e9lus respectivement \u00e0 la Chambre des repr\u00e9sentants et au S\u00e9nat de&hellip;\n","protected":false},"author":2,"featured_media":182128,"comment_status":"","ping_status":"","sticky":false,"template":"","format":"standard","meta":{"footnotes":""},"categories":[1589],"tags":[11,31996,2441,75,73,1866,2683,458,12,316,2694,31218,1864,1865,1863,308],"class_list":{"0":"post-182127","1":"post","2":"type-post","3":"status-publish","4":"format-standard","5":"has-post-thumbnail","7":"category-etats-unis","8":"tag-actualites","9":"tag-amy-klobuchar","10":"tag-arrestation","11":"tag-donald-trump","12":"tag-etats-unis","13":"tag-etats-unis-damerique","14":"tag-homicide","15":"tag-kamala-harris","16":"tag-news","17":"tag-politique","18":"tag-proces","19":"tag-tim-walz","20":"tag-united-states","21":"tag-united-states-of-america","22":"tag-us","23":"tag-usa"},"share_on_mastodon":{"url":"https:\/\/pubeurope.com\/@fr\/114695952415332982","error":""},"_links":{"self":[{"href":"https:\/\/www.europesays.com\/fr\/wp-json\/wp\/v2\/posts\/182127","targetHints":{"allow":["GET"]}}],"collection":[{"href":"https:\/\/www.europesays.com\/fr\/wp-json\/wp\/v2\/posts"}],"about":[{"href":"https:\/\/www.europesays.com\/fr\/wp-json\/wp\/v2\/types\/post"}],"author":[{"embeddable":true,"href":"https:\/\/www.europesays.com\/fr\/wp-json\/wp\/v2\/users\/2"}],"replies":[{"embeddable":true,"href":"https:\/\/www.europesays.com\/fr\/wp-json\/wp\/v2\/comments?post=182127"}],"version-history":[{"count":0,"href":"https:\/\/www.europesays.com\/fr\/wp-json\/wp\/v2\/posts\/182127\/revisions"}],"wp:featuredmedia":[{"embeddable":true,"href":"https:\/\/www.europesays.com\/fr\/wp-json\/wp\/v2\/media\/182128"}],"wp:attachment":[{"href":"https:\/\/www.europesays.com\/fr\/wp-json\/wp\/v2\/media?parent=182127"}],"wp:term":[{"taxonomy":"category","embeddable":true,"href":"https:\/\/www.europesays.com\/fr\/wp-json\/wp\/v2\/categories?post=182127"},{"taxonomy":"post_tag","embeddable":true,"href":"https:\/\/www.europesays.com\/fr\/wp-json\/wp\/v2\/tags?post=182127"}],"curies":[{"name":"wp","href":"https:\/\/api.w.org\/{rel}","templated":true}]}}