{"id":182131,"date":"2025-06-17T00:49:09","date_gmt":"2025-06-17T00:49:09","guid":{"rendered":"https:\/\/www.europesays.com\/fr\/182131\/"},"modified":"2025-06-17T00:49:09","modified_gmt":"2025-06-17T00:49:09","slug":"liveu-etoffe-son-equipe-en-allemagne","status":"publish","type":"post","link":"https:\/\/www.europesays.com\/fr\/182131\/","title":{"rendered":"LiveU \u00e9toffe son \u00e9quipe en Allemagne"},"content":{"rendered":"<p>LiveU, sp\u00e9cialiste des solutions de contribution et de diffusion vid\u00e9o IP, annonce l&rsquo;arriv\u00e9e de Thomas Fengel et Wolfgang Jauer au sein de son \u00e9quipe allemande. Cette initiative marque une avanc\u00e9e dans sa strat\u00e9gie visant \u00e0 offrir un accompagnement local en langue allemande et \u00e0 consolider ses relations avec ses clients et partenaires du march\u00e9 DACH (Allemagne, Autriche et Suisse).<\/p>\n","protected":false},"excerpt":{"rendered":"LiveU, sp\u00e9cialiste des solutions de contribution et de diffusion vid\u00e9o IP, annonce l&rsquo;arriv\u00e9e de Thomas Fengel et Wolfgang&hellip;\n","protected":false},"author":2,"featured_media":182132,"comment_status":"","ping_status":"","sticky":false,"template":"","format":"standard","meta":{"footnotes":""},"categories":[1587],"tags":[11,672,1804,1805,1803,1777,674,1801,12,1802],"class_list":{"0":"post-182131","1":"post","2":"type-post","3":"status-publish","4":"format-standard","5":"has-post-thumbnail","7":"category-allemagne","8":"tag-actualites","9":"tag-allemagne","10":"tag-bundesrepublik-deutschland","11":"tag-de","12":"tag-deutschland","13":"tag-eu","14":"tag-europe","15":"tag-germany","16":"tag-news","17":"tag-republique-federale-dallemagne"},"share_on_mastodon":{"url":"https:\/\/pubeurope.com\/@fr\/114695960332657548","error":""},"_links":{"self":[{"href":"https:\/\/www.europesays.com\/fr\/wp-json\/wp\/v2\/posts\/182131","targetHints":{"allow":["GET"]}}],"collection":[{"href":"https:\/\/www.europesays.com\/fr\/wp-json\/wp\/v2\/posts"}],"about":[{"href":"https:\/\/www.europesays.com\/fr\/wp-json\/wp\/v2\/types\/post"}],"author":[{"embeddable":true,"href":"https:\/\/www.europesays.com\/fr\/wp-json\/wp\/v2\/users\/2"}],"replies":[{"embeddable":true,"href":"https:\/\/www.europesays.com\/fr\/wp-json\/wp\/v2\/comments?post=182131"}],"version-history":[{"count":0,"href":"https:\/\/www.europesays.com\/fr\/wp-json\/wp\/v2\/posts\/182131\/revisions"}],"wp:featuredmedia":[{"embeddable":true,"href":"https:\/\/www.europesays.com\/fr\/wp-json\/wp\/v2\/media\/182132"}],"wp:attachment":[{"href":"https:\/\/www.europesays.com\/fr\/wp-json\/wp\/v2\/media?parent=182131"}],"wp:term":[{"taxonomy":"category","embeddable":true,"href":"https:\/\/www.europesays.com\/fr\/wp-json\/wp\/v2\/categories?post=182131"},{"taxonomy":"post_tag","embeddable":true,"href":"https:\/\/www.europesays.com\/fr\/wp-json\/wp\/v2\/tags?post=182131"}],"curies":[{"name":"wp","href":"https:\/\/api.w.org\/{rel}","templated":true}]}}