{"id":182133,"date":"2025-06-17T00:50:19","date_gmt":"2025-06-17T00:50:19","guid":{"rendered":"https:\/\/www.europesays.com\/fr\/182133\/"},"modified":"2025-06-17T00:50:19","modified_gmt":"2025-06-17T00:50:19","slug":"les-activites-en-direct-dans-macos-26-ne-demandent-pas-ios-26-et-pourraient-fonctionner-en-europe","status":"publish","type":"post","link":"https:\/\/www.europesays.com\/fr\/182133\/","title":{"rendered":"Les activit\u00e9s en direct dans macOS\u00a026 ne demandent pas iOS\u00a026 et pourraient fonctionner en Europe"},"content":{"rendered":"<p>Parmi toutes les nouveaut\u00e9s de macOS\u00a0Tahoe, l\u2019affichage des activit\u00e9s en direct de l\u2019iPhone associ\u00e9 au Mac, directement dans la barre des menus est particuli\u00e8rement int\u00e9ressante pour suivre du coin de l\u2019\u0153il une action importante, que ce soit une livraison en cours, un score, une charge de voiture ou encore des d\u00e9tails sur un vol \u00e0 venir. Cette fonctionnalit\u00e9 est associ\u00e9e au mode recopie de l\u2019iPhone et comme <a href=\"https:\/\/www.macg.co\/macos\/2025\/06\/macos-26-napporte-pas-la-recopie-de-liphone-en-france-301899\" rel=\"nofollow noopener\" target=\"_blank\">elle n\u2019arrivera toujours pas en Europe<\/a>, on pouvait se dire que les activit\u00e9s en direct ne seront pas non plus disponibles sur le continent.<\/p>\n<p>&#13;<br \/>\n<img decoding=\"async\" loading=\"lazy\" src=\"https:\/\/www.europesays.com\/fr\/wp-content\/uploads\/2025\/06\/mg-25ca1d05-w1708-w828-w1300.jpg\"   data-jslghtbx=\"https:\/\/cdn.mgig.fr\/2025\/06\/mg-25ca1d05-w1708.jpg\"\/>&#13;<br \/>\nUne activit\u00e9 en direct sur le Mac de mon coll\u00e8gue F\u00e9lix (rassurez-vous, il n\u2019a pas rat\u00e9 son avion et il est bien arriv\u00e9 dans la capitale). Image MacGeneration.&#13;<\/p>\n<p>C\u2019est d\u2019ailleurs ce qu\u2019Apple a confirm\u00e9 <a rel=\"nofollow noopener\" href=\"https:\/\/www.numerama.com\/tech\/1990099-apple-tire-la-sonnette-dalarme-liphone-est-menace-en-europe.html\" target=\"_blank\">aupr\u00e8s de nos confr\u00e8res de Numerama<\/a>, en ajoutant au mix l\u2019app T\u00e9l\u00e9phone qui pourrait bien dispara\u00eetre de la version finale. En attendant, macOS\u00a0Tahoe l\u2019int\u00e8gre bien, nous avons <a href=\"https:\/\/www.igen.fr\/ios\/2025\/06\/decouverte-de-telephone-dans-ios-26-nouvelle-interface-appels-inconnus-portages-sur-lipad-et-le-mac-150541\" rel=\"nofollow noopener\" target=\"_blank\">d\u2019ailleurs pu la tester<\/a> sur nos Mac. De la m\u00eame mani\u00e8re, la premi\u00e8re b\u00eata de macOS\u00a026 semble assez souple, puisque nous avons obtenu des activit\u00e9s en direct sur nos ordinateurs pomm\u00e9s, alors m\u00eame que le mode recopie de l\u2019iPhone \u00e9tait en effet inaccessible.<\/p>\n<p>La situation est un petit peu floue et il est probable qu\u2019il reste des bugs \u00e0 combler, ce qui voudrait dire pour nous malheureusement que la fonctionnalit\u00e9 pourrait dispara\u00eetre dans le courant de l\u2019\u00e9t\u00e9. Une hypoth\u00e8se, sugg\u00e9r\u00e9e par <a rel=\"nofollow noopener\" href=\"https:\/\/nileane.fr\/@nileane\/114688192377539891\" target=\"_blank\">@nileane@nileane.fr<\/a>, serait qu\u2019il suffit que le Mac ait droit au mode recopie au moins une fois (en \u00e9tant utilis\u00e9 hors des fronti\u00e8res europ\u00e9ennes, ou encore en \u00e9tant associ\u00e9 \u00e0 un compte App\u00a0Store enregistr\u00e9 hors de l\u2019UE) pour que cela d\u00e9bloque la fonctionnalit\u00e9. L\u00e0 encore, est-ce voulu ou un bug\u00a0? Il faudra probablement attendre les futures b\u00eatas pour le savoir.<\/p>\n<p>En attendant, on sait que les activit\u00e9s en direct ne seront pas r\u00e9serv\u00e9es aux iPhone sous iOS\u00a026. Comme le rel\u00e8ve <a href=\"https:\/\/9to5mac.com\/2025\/06\/16\/macos-26-live-activities-work-even-if-your-iphone-is-on-ios-18\/\" rel=\"nofollow noopener\" target=\"_blank\">9To5 Mac<\/a>, c\u2019est Apple elle-m\u00eame qui l\u2019a confirm\u00e9 dans <a href=\"https:\/\/developer.apple.com\/videos\/play\/wwdc2025\/278\/\" rel=\"nofollow noopener\" target=\"_blank\">la session 278<\/a> qui liste les nouveaut\u00e9s de 2026 pour les widgets. Il suffit d\u2019un iPhone sous iOS\u00a018 pour que ses activit\u00e9s en direct apparaissent sur un Mac, qui doit lui bien \u00eatre sous macOS\u00a026. <\/p>\n","protected":false},"excerpt":{"rendered":"Parmi toutes les nouveaut\u00e9s de macOS\u00a0Tahoe, l\u2019affichage des activit\u00e9s en direct de l\u2019iPhone associ\u00e9 au Mac, directement dans&hellip;\n","protected":false},"author":2,"featured_media":182134,"comment_status":"","ping_status":"","sticky":false,"template":"","format":"standard","meta":{"footnotes":""},"categories":[1586],"tags":[11,1777,674,1011,27,29694,12,31999,25],"class_list":{"0":"post-182133","1":"post","2":"type-post","3":"status-publish","4":"format-standard","5":"has-post-thumbnail","7":"category-europe","8":"tag-actualites","9":"tag-eu","10":"tag-europe","11":"tag-fr","12":"tag-france","13":"tag-macos-tahoe-26","14":"tag-news","15":"tag-recopie-de-l","16":"tag-republique-francaise"},"share_on_mastodon":{"url":"https:\/\/pubeurope.com\/@fr\/114695964201599110","error":""},"_links":{"self":[{"href":"https:\/\/www.europesays.com\/fr\/wp-json\/wp\/v2\/posts\/182133","targetHints":{"allow":["GET"]}}],"collection":[{"href":"https:\/\/www.europesays.com\/fr\/wp-json\/wp\/v2\/posts"}],"about":[{"href":"https:\/\/www.europesays.com\/fr\/wp-json\/wp\/v2\/types\/post"}],"author":[{"embeddable":true,"href":"https:\/\/www.europesays.com\/fr\/wp-json\/wp\/v2\/users\/2"}],"replies":[{"embeddable":true,"href":"https:\/\/www.europesays.com\/fr\/wp-json\/wp\/v2\/comments?post=182133"}],"version-history":[{"count":0,"href":"https:\/\/www.europesays.com\/fr\/wp-json\/wp\/v2\/posts\/182133\/revisions"}],"wp:featuredmedia":[{"embeddable":true,"href":"https:\/\/www.europesays.com\/fr\/wp-json\/wp\/v2\/media\/182134"}],"wp:attachment":[{"href":"https:\/\/www.europesays.com\/fr\/wp-json\/wp\/v2\/media?parent=182133"}],"wp:term":[{"taxonomy":"category","embeddable":true,"href":"https:\/\/www.europesays.com\/fr\/wp-json\/wp\/v2\/categories?post=182133"},{"taxonomy":"post_tag","embeddable":true,"href":"https:\/\/www.europesays.com\/fr\/wp-json\/wp\/v2\/tags?post=182133"}],"curies":[{"name":"wp","href":"https:\/\/api.w.org\/{rel}","templated":true}]}}