{"id":18214,"date":"2025-04-11T20:43:09","date_gmt":"2025-04-11T20:43:09","guid":{"rendered":"https:\/\/www.europesays.com\/fr\/18214\/"},"modified":"2025-04-11T20:43:09","modified_gmt":"2025-04-11T20:43:09","slug":"ce-sont-des-vendus-sous-la-pression-des-etats-unis-le-panama-autorise-le-deploiement-de-militaires-americains-autour-de-son-canal","status":"publish","type":"post","link":"https:\/\/www.europesays.com\/fr\/18214\/","title":{"rendered":"\u00ab\u00a0Ce sont des vendus\u00a0\u00bb\u00a0: sous la pression des \u00c9tats-Unis, le Panama autorise le d\u00e9ploiement de militaires am\u00e9ricains autour de son canal"},"content":{"rendered":"<p>Il est l\u2019un des points centraux du <a href=\"https:\/\/www.humanite.fr\/monde\/donald-trump\/lappetit-de-donald-trump-pour-le-canal-de-panama-un-abces-de-la-rivalite-sino-americaine\" target=\"_blank\" rel=\"noopener\">conflit tant \u00e9conomique qu\u2019id\u00e9ologique<\/a> qui oppose les \u00c9tats-Unis et la Chine. Les deux plus grandes puissances mondiales se disputent, depuis le retour de Donald Trump \u00e0 la Maison Blanche, <a href=\"https:\/\/www.humanite.fr\/monde\/canada\/canada-groenland-panama-donald-trump-ou-la-diplomatie-du-flibustier\" target=\"_blank\" rel=\"noopener\">le canal du Panama<\/a>.<\/p>\n<p>Long de 80 kilom\u00e8tres, ce passage est une art\u00e8re in\u00e9vitable du commerce mondialis\u00e9, alors que 6\u00a0% des transactions plan\u00e9taires et\u00a0environ 40\u00a0% des conteneurs \u00e9tats-uniens\u00a0y transitent. Or, les deux terminaux situ\u00e9s aux extr\u00e9mit\u00e9s de la voie maritime sont exploit\u00e9s par la soci\u00e9t\u00e9 Panama Ports Company (PPC), filiale d\u2019un groupe hongkongais.<\/p>\n<p>Les \u00c9tats-Unis viennent ainsi de frapper un grand coup, en recevant l\u2019autorisation d\u2019y d\u00e9ployer des troupes. C\u2019est l\u2019Agence France-Presse (AFP) qui r\u00e9v\u00e8le l\u2019existence de ce partenariat \u2013 signe d\u2019une <a href=\"https:\/\/www.humanite.fr\/monde\/administration-trump\/la-nature-profonde-des-etats-unis-damerique-ca-nest-pas-detre-imperialiste-vraiment\" target=\"_blank\" rel=\"noopener\">importante concession faite \u00e0 Washington<\/a> -, apr\u00e8s avoir eu acc\u00e8s \u00e0 l\u2019accord bilat\u00e9ral conclu par les deux \u00c9tats, jeudi 10\u00a0avril.<\/p>\n<p>Des entra\u00eenements, des activit\u00e9s humanitaires et des exercices<\/p>\n<p>Si la possibilit\u00e9 de bases militaires est exclue, cette annonce repr\u00e9sente un retour en arri\u00e8re pour la r\u00e9gion, \u00e0 une \u00e9poque o\u00f9 les \u00c9tats-Unis y disposaient d\u2019une enclave avec des bases militaires, avant de finalement c\u00e9der le canal aux Panam\u00e9ens, en 1999.<\/p>\n<p>La politique imp\u00e9rialiste de la puissance d\u2019Am\u00e9rique du Nord, <a href=\"https:\/\/www.humanite.fr\/en-debat\/donald-trump\/en-debat-trump-a-t-il-les-moyens-de-ses-pretentions\" target=\"_blank\" rel=\"noopener\">prolong\u00e9e par Donald Trump<\/a>, revient donc au galop au Panama, et par extension en Am\u00e9rique du Sud, que Washington ne cesse de consid\u00e9rer comme une arri\u00e8re-cour \u00e0 sa disposition.<\/p>\n<p>L\u2019arm\u00e9e \u00e9tats-unienne \u2013 comme des soci\u00e9t\u00e9s militaires priv\u00e9es engag\u00e9es par l\u2019administration Trump \u2013 \u00ab\u00a0pourront utiliser les sites autoris\u00e9s, les installations et les zones d\u00e9sign\u00e9es pour des entra\u00eenements, des activit\u00e9s humanitaires (\u2026) et des exercices\u00a0\u00bb, indique l\u2019accord sign\u00e9 par le chef du Pentagone, Pete Hegseth, en visite cette semaine au Panama, et le <a href=\"https:\/\/www.humanite.fr\/monde\/manifestation\/des-manifestants-qualifies-de-terroristes-plus-de-450-arrestations-la-lourde-repression-au-panama-des-mobilisations-contre-la-reforme-des-retraites\" target=\"_blank\" rel=\"noopener\">ministre panam\u00e9en de la D\u00e9fense<\/a>, Frank Abrego.<\/p>\n<p>\u00ab\u00a0Nous avons sign\u00e9 plusieurs accords historiques, nous sommes en train de r\u00e9cup\u00e9rer le canal, a d\u00e9clar\u00e9 Pete Hegseth lors d\u2019une r\u00e9union du gouvernement Trump, selon le compte X de la Maison Blanche. La Chine avait trop d\u2019influence.\u00a0\u00bb<\/p>\n<p>L\u2019accord, d\u2019une dur\u00e9e de trois ans renouvelable, pr\u00e9cise que les installations seront la propri\u00e9t\u00e9 de l\u2019\u00c9tat panam\u00e9en et seront destin\u00e9es \u00e0 une \u00ab\u00a0utilisation conjointe\u00a0\u00bb par les forces des deux pays. Donald Trump r\u00e9ussit donc \u00e0 mettre la main sur une zone d\u00e9finie comme prioritaire dans son <a href=\"https:\/\/www.humanite.fr\/monde\/deportation\/ladministration-trump-et-le-salvador-accuses-dorchestrer-la-disparition-forcee-de-200-migrants-dans-lune-des-prisons-les-plus-dangereuses\" target=\"_blank\" rel=\"noopener\">agenda imp\u00e9rialiste.<\/a> Depuis son son investiture en janvier, le pr\u00e9sident \u00e9tats-unien a multipli\u00e9 les menaces, \u00e9voquant m\u00eame la possibilit\u00e9 de \u00ab\u00a0reprendre\u00a0\u00bb le canal que les \u00c9tats-Unis ont construit en 1914.<\/p>\n<p>Le pr\u00e9sident panam\u00e9en, Jos\u00e9 Raul Mulino, en d\u00e9placement au P\u00e9rou jeudi, a confirm\u00e9 que les \u00c9tats-Unis avaient demand\u00e9 \u00e0 r\u00e9tablir des bases militaires dans le pays et des \u00ab\u00a0cessions de territoires\u00a0\u00bb. Ce qu\u2019il a refus\u00e9. \u00ab\u00a0Vous voulez le d\u00e9sordre, mettre le feu au pays\u00a0?\u00a0\u00bb, affirme-t-il avoir r\u00e9pondu \u00e0 Pete Hegseth. \u00ab\u00a0Ce canal est et restera panam\u00e9en\u00a0\u00bb, aurait-il conclu.<\/p>\n<p>\u00ab\u00a0Un recul de la souverainet\u00e9 nationale\u00a0\u00bb<\/p>\n<p>Au cours d\u2019une conf\u00e9rence de presse organis\u00e9e un jour plus t\u00f4t, le ministre \u00e9tats-unien de la D\u00e9fense, alors en <a href=\"https:\/\/www.humanite.fr\/monde\/ecologie\/au-panama-victoire-contre-une-mine-a-ciel-ouvert\" target=\"_blank\" rel=\"noopener\">d\u00e9placement au Panama<\/a>, avait sugg\u00e9r\u00e9 que les exercices de d\u00e9fense conjoints \u00e9taient \u00ab\u00a0une occasion de relancer\u00a0\u00bb une \u00ab\u00a0base militaire\u00a0\u00bb o\u00f9 op\u00e9reraient des \u00ab\u00a0troupes\u00a0\u00bb, suscitant un malaise. \u00ab\u00a0Nous ne pouvons pas accepter de bases militaires ou des sites de d\u00e9fense\u00a0\u00bb, avait imm\u00e9diatement r\u00e9agi Jos\u00e9 Raul Mulino.<\/p>\n<p>Ce dernier a tout int\u00e9r\u00eat \u00e0 s\u2019afficher ferme avec la Maison Blanche. Les vis\u00e9es de Donald Trump sur le canal du Panama ont d\u00e9clench\u00e9 d\u2019importantes manifestations dans son pays. Le gouvernement panam\u00e9en a aussi indiqu\u00e9 que les \u00c9tats-Unis avaient supprim\u00e9 une mention de la \u00ab\u00a0souverainet\u00e9 inali\u00e9nable du Panama sur le canal\u00a0\u00bb dans la version anglaise d\u2019un communiqu\u00e9 conjoint. Jeudi, Panama a demand\u00e9 \u00e0 Washington de mettre \u00e0 jour le texte et de l\u2019inclure.<\/p>\n<p>Pas suffisant pour le dirigeant syndical Sa\u00fal M\u00e9ndez, qui a condamn\u00e9 l\u2019accord bilat\u00e9ral. Il y voit \u00ab\u00a0un recul de la souverainet\u00e9 nationale\u00a0\u00bb\u00a0: \u00ab\u00a0Ce que le gouvernement panam\u00e9en a fait est un acte de trahison, ce sont des vendus et ils doivent \u00eatre jug\u00e9s.\u00a0\u00bb Selon la loi, le Panama exploite le canal en donnant acc\u00e8s \u00e0 toutes les nations. Mais, <a href=\"https:\/\/www.humanite.fr\/monde\/chine\/droits-de-douane-donald-trump-annonce-suspendre-les-surtaxes-durant-90-jours-un-premier-echec-pour-le-president-americain\" target=\"_blank\" rel=\"noopener\">sous la pression de la Maison Blanche<\/a>, le Panama a finalement accus\u00e9, le mois dernier, Panama Ports Company de ne pas respecter ses obligations contractuelles et a demand\u00e9 \u00e0 la soci\u00e9t\u00e9 hongkongaise de se retirer du pays.<\/p>\n<p>La soci\u00e9t\u00e9 m\u00e8re des ports, CK Hutchison, a par la suite annonc\u00e9 un accord visant \u00e0 c\u00e9der 43 ports dans 23 pays \u2013 dont ses deux ports sur le canal de Panama \u2013 \u00e0 un consortium dirig\u00e9 par le fonds d\u2019investissement \u00e9tats-unien BlackRock, pour un montant de 19\u00a0milliards de dollars. Furieux, P\u00e9kin a depuis annonc\u00e9 un examen de l\u2019op\u00e9ration par les <a href=\"https:\/\/www.humanite.fr\/monde\/dany-lang\/barrieres-douanieres-et-crise-boursiere-trump-est-encore-plus-irrationnel-que-les-marches\" target=\"_blank\" rel=\"noopener\">autorit\u00e9s chinoises<\/a> de la concurrence.<\/p>\n<p>Face \u00e0 l\u2019extr\u00eame droite, ne rien l\u00e2cher\u00a0!<\/p>\n<p>C\u2019est pied \u00e0 pied, argument contre argument qu\u2019il faut combattre l\u2019extr\u00eame droite. Et c\u2019est ce que nous faisons chaque jour dans l\u2019Humanit\u00e9.<\/p>\n<p>Face aux attaques incessantes des racistes et des porteurs de haine\u00a0: soutenez-nous\u00a0! Ensemble, faisons entendre une autre voix dans ce d\u00e9bat public toujours plus naus\u00e9abond.<br \/><a href=\"https:\/\/www.humanite.fr\/lhumanite-cest-vous\" target=\"_blank\" rel=\"noopener\">Je veux en savoir plus.<\/a><\/p>\n","protected":false},"excerpt":{"rendered":"Il est l\u2019un des points centraux du conflit tant \u00e9conomique qu\u2019id\u00e9ologique qui oppose les \u00c9tats-Unis et la Chine.&hellip;\n","protected":false},"author":2,"featured_media":18215,"comment_status":"","ping_status":"","sticky":false,"template":"","format":"standard","meta":{"footnotes":""},"categories":[5],"tags":[11,941,309,2160,1011,27,14,12,6471,770,28],"class_list":{"0":"post-18214","1":"post","2":"type-post","3":"status-publish","4":"format-standard","5":"has-post-thumbnail","7":"category-international","8":"tag-actualites","9":"tag-administration-trump","10":"tag-chine","11":"tag-commerce-international","12":"tag-fr","13":"tag-france","14":"tag-international","15":"tag-news","16":"tag-panama","17":"tag-u00e9tats-unis","18":"tag-world"},"share_on_mastodon":{"url":"https:\/\/pubeurope.com\/@fr\/114321280446460871","error":""},"_links":{"self":[{"href":"https:\/\/www.europesays.com\/fr\/wp-json\/wp\/v2\/posts\/18214","targetHints":{"allow":["GET"]}}],"collection":[{"href":"https:\/\/www.europesays.com\/fr\/wp-json\/wp\/v2\/posts"}],"about":[{"href":"https:\/\/www.europesays.com\/fr\/wp-json\/wp\/v2\/types\/post"}],"author":[{"embeddable":true,"href":"https:\/\/www.europesays.com\/fr\/wp-json\/wp\/v2\/users\/2"}],"replies":[{"embeddable":true,"href":"https:\/\/www.europesays.com\/fr\/wp-json\/wp\/v2\/comments?post=18214"}],"version-history":[{"count":0,"href":"https:\/\/www.europesays.com\/fr\/wp-json\/wp\/v2\/posts\/18214\/revisions"}],"wp:featuredmedia":[{"embeddable":true,"href":"https:\/\/www.europesays.com\/fr\/wp-json\/wp\/v2\/media\/18215"}],"wp:attachment":[{"href":"https:\/\/www.europesays.com\/fr\/wp-json\/wp\/v2\/media?parent=18214"}],"wp:term":[{"taxonomy":"category","embeddable":true,"href":"https:\/\/www.europesays.com\/fr\/wp-json\/wp\/v2\/categories?post=18214"},{"taxonomy":"post_tag","embeddable":true,"href":"https:\/\/www.europesays.com\/fr\/wp-json\/wp\/v2\/tags?post=18214"}],"curies":[{"name":"wp","href":"https:\/\/api.w.org\/{rel}","templated":true}]}}