{"id":182160,"date":"2025-06-17T01:07:13","date_gmt":"2025-06-17T01:07:13","guid":{"rendered":"https:\/\/www.europesays.com\/fr\/182160\/"},"modified":"2025-06-17T01:07:13","modified_gmt":"2025-06-17T01:07:13","slug":"une-serie-policiere-la-mere-et-lassassin-tournee-entre-martigues-aix-en-provence-et-carry-le-rouet","status":"publish","type":"post","link":"https:\/\/www.europesays.com\/fr\/182160\/","title":{"rendered":"Une s\u00e9rie polici\u00e8re, \u00ab\u00a0La m\u00e8re et l&rsquo;assassin\u00a0\u00bb, tourn\u00e9e entre Martigues, Aix-en-Provence et Carry-le-Rouet"},"content":{"rendered":"<p>C\u2019est une <a href=\"https:\/\/www.laprovence.com\/culture-loisirs\/cinema\" target=\"_blank\" rel=\"noopener\">mini-s\u00e9rie<\/a>, de quatre \u00e9pisodes, tourn\u00e9e enti\u00e8rement dans notre r\u00e9gion et qui sera diffus\u00e9e sur France 2, \u00ab\u00a0peut-\u00eatre cet hiver, mais c\u2019est \u00e0 prendre avec des pincettes car je n\u2019ai pas la date\u00a0\u00bb, explique la directrice de production, M\u00e9lissa Kajdan Smila.<\/p>\n<p>Intitul\u00e9e La m\u00e8re et l\u2019assassin, la s\u00e9rie est produite par \u00c9pisode Productions, une soci\u00e9t\u00e9 du groupe JLA Groupe. Le synopsis\u00a0: Morgane Jourdan, interpr\u00e9t\u00e9e par H\u00e9l\u00e8ne de Fougerolles, la quarantaine, m\u00e8ne une vie bien r\u00e9gl\u00e9e avec son mari restaurateur, Samuel, jou\u00e9 par Florent Peyre, et leurs deux filles adolescentes, Oc\u00e9ane, (Vittoria Du Savoia), et Aliz\u00e9e, (Vicki Andren).<\/p>\n<p>Morgane Jourdan, professeure est devenue principale d\u2019un <a href=\"https:\/\/www.laprovence.com\/article\/region\/61415338688073\/au-lycee-lurcat-de-martigues-4-jeunes-vont-beneficier-dune-bourse-pour-leurs-etudes-superieures\" target=\"_blank\" rel=\"noopener\">lyc\u00e9e<\/a>. Elle jongle entre son travail exigeant et sa vie de famille, mais un jour tout bascule. Oc\u00e9ane, 17\u00a0ans, dispara\u00eet soudainement apr\u00e8s une soir\u00e9e o\u00f9 elle a surpris sa m\u00e8re dans une situation compromettante avec Hugo Bennec, incarn\u00e9 par Fran\u00e7ois-David Cardonnel, son professeur de sport.<\/p>\n","protected":false},"excerpt":{"rendered":"C\u2019est une mini-s\u00e9rie, de quatre \u00e9pisodes, tourn\u00e9e enti\u00e8rement dans notre r\u00e9gion et qui sera diffus\u00e9e sur France 2,&hellip;\n","protected":false},"author":2,"featured_media":182161,"comment_status":"","ping_status":"","sticky":false,"template":"","format":"standard","meta":{"footnotes":""},"categories":[1356],"tags":[17,58,59,1011,27,4743,32000,5875,17416,16,521,252,4441,1364,96],"class_list":{"0":"post-182160","1":"post","2":"type-post","3":"status-publish","4":"format-standard","5":"has-post-thumbnail","7":"category-television","8":"tag-17","9":"tag-divertissement","10":"tag-entertainment","11":"tag-fr","12":"tag-france","13":"tag-la","14":"tag-lassassin","15":"tag-mere","16":"tag-policiere","17":"tag-region","18":"tag-serie","19":"tag-television","20":"tag-tournee","21":"tag-tv","22":"tag-une"},"share_on_mastodon":{"url":"https:\/\/pubeurope.com\/@fr\/114696031051192708","error":""},"_links":{"self":[{"href":"https:\/\/www.europesays.com\/fr\/wp-json\/wp\/v2\/posts\/182160","targetHints":{"allow":["GET"]}}],"collection":[{"href":"https:\/\/www.europesays.com\/fr\/wp-json\/wp\/v2\/posts"}],"about":[{"href":"https:\/\/www.europesays.com\/fr\/wp-json\/wp\/v2\/types\/post"}],"author":[{"embeddable":true,"href":"https:\/\/www.europesays.com\/fr\/wp-json\/wp\/v2\/users\/2"}],"replies":[{"embeddable":true,"href":"https:\/\/www.europesays.com\/fr\/wp-json\/wp\/v2\/comments?post=182160"}],"version-history":[{"count":0,"href":"https:\/\/www.europesays.com\/fr\/wp-json\/wp\/v2\/posts\/182160\/revisions"}],"wp:featuredmedia":[{"embeddable":true,"href":"https:\/\/www.europesays.com\/fr\/wp-json\/wp\/v2\/media\/182161"}],"wp:attachment":[{"href":"https:\/\/www.europesays.com\/fr\/wp-json\/wp\/v2\/media?parent=182160"}],"wp:term":[{"taxonomy":"category","embeddable":true,"href":"https:\/\/www.europesays.com\/fr\/wp-json\/wp\/v2\/categories?post=182160"},{"taxonomy":"post_tag","embeddable":true,"href":"https:\/\/www.europesays.com\/fr\/wp-json\/wp\/v2\/tags?post=182160"}],"curies":[{"name":"wp","href":"https:\/\/api.w.org\/{rel}","templated":true}]}}