{"id":182166,"date":"2025-06-17T01:10:11","date_gmt":"2025-06-17T01:10:11","guid":{"rendered":"https:\/\/www.europesays.com\/fr\/182166\/"},"modified":"2025-06-17T01:10:11","modified_gmt":"2025-06-17T01:10:11","slug":"une-campagne-de-prevention-contre-les-cancers-de-la-peau-appelle-a-ne-pas-griller-comme-des-saucisses","status":"publish","type":"post","link":"https:\/\/www.europesays.com\/fr\/182166\/","title":{"rendered":"Une campagne de pr\u00e9vention contre les cancers de la peau appelle \u00e0 ne pas griller comme \u00ab\u00a0des saucisses\u00a0\u00bb"},"content":{"rendered":"<p class=\"c-chapo \">\n  Cette campagne, d\u00e9clin\u00e9e en film d&rsquo;animation, est diffus\u00e9e notamment en pharmacies du 16 au 30\u00a0juin. Chaque ann\u00e9e, en France, de 141 200 \u00e0 243\u00a0500$cancers de la peau sont diagnostiqu\u00e9s.\n<\/p>\n<p>    <img loading=\"lazy\" decoding=\"async\" class=\"signature__image lazyload\" width=\"100\" height=\"100\" data- alt=\"\" src=\"https:\/\/www.europesays.com\/fr\/wp-content\/uploads\/2025\/05\/64a68815cd1a7_placeholder-36b69ec8.png\"\/><\/p>\n<p>    Publi\u00e9 le 16\/06\/2025 15:03<\/p>\n<p>      Mis \u00e0 jour le 16\/06\/2025 15:38<\/p>\n<p>        Temps de lecture : 1min<\/p>\n<p>    <img decoding=\"async\"  alt=\"Sur la plage \u00e0 Cannes (Alpes-Maritimes), le 17 mai 2025. (MIGUEL MEDINA \/ AFP)\" width=\"432\" height=\"243\" src=\"https:\/\/www.europesays.com\/fr\/wp-content\/uploads\/2025\/06\/000-473l8ml-685015f003ff8734343565.jpg\" fetchpriority=\"high\"\/><\/p>\n<p>      Sur la plage \u00e0 Cannes (Alpes-Maritimes), le 17 mai 2025. (MIGUEL MEDINA \/ AFP)<\/p>\n<p>\u00ab\u00a0Sous le soleil ou les nuages, on se prot\u00e8ge.\u00a0\u00bb Comme \u00ab\u00a0on n&rsquo;est pas des saucisses\u00a0\u00bb, la Ligue contre le cancer lance, lundi 16\u00a0juin, une campagne de pr\u00e9vention appelant \u00e0 ne pas \u00ab\u00a0griller\u00a0\u00bb sa peau au soleil cet \u00e9t\u00e9, sachant que huit\u00a0cancers de la peau sur 10 sont dus aux rayons ultraviolets. \u00ab\u00a0Griller au soleil, c&rsquo;est 80\u00a0000\u00a0cancers de la peau et 2\u00a0000\u00a0d\u00e9c\u00e8s par an\u00a0\u00bb, souligne la Ligue, en rappelant que les cancers de la peau font partie des \u00ab\u00a040% de cancers \u00e9vitables, car un changement de comportement permettrait d&rsquo;en limiter l&rsquo;incidence\u00a0\u00bb.<\/p>\n<p>Pour \u00ab\u00a0marquer les esprits\u00a0\u00bb, l&rsquo;organisation mise sur \u00ab\u00a0un slogan qui surprend\u00a0\u00bb pour sa campagne, d\u00e9clin\u00e9e en film d&rsquo;animation et diffus\u00e9e notamment en pharmacies du 16 au 30\u00a0juin.<\/p>\n<\/p>\n<p>Chaque ann\u00e9e, en France, de 141\u00a0200 \u00e0 243\u00a0500\u00a0cancers de la peau sont diagnostiqu\u00e9s, dont 112\u00a0960 \u00e0 194\u00a0800 provoqu\u00e9s par une exposition excessive aux UV, selon Sant\u00e9 publique France. Le nombre de m\u00e9lanomes (<a href=\"https:\/\/www.franceinfo.fr\/replay-radio\/c-est-ma-sante\/melanome-comment-detecter-ce-cancer-de-la-peau_6446293.html\" rel=\"nofollow noopener\" target=\"_blank\">cancers de la peau<\/a> les plus agressifs) a \u00e9t\u00e9 quadrupl\u00e9 depuis 1990. Cette hausse s&rsquo;explique \u00ab\u00a0en partie par le vieillissement de la population, mais aussi par l&rsquo;augmentation des pratiques \u00e0 risque, comme des expositions au soleil plus fr\u00e9quentes ou la mode du bronzage artificiel\u00a0\u00bb, comme les cabines UV, note la Ligue dans un communiqu\u00e9.<\/p>\n<p>Il est conseill\u00e9 d&rsquo;\u00e9viter de s&rsquo;exposer entre midi et 16\u00a0heures en m\u00e9tropole ou entre 10 heures et 14 heures en outre-mer, de porter des v\u00eatements avec un tissage serr\u00e9 ou trait\u00e9s anti-UV, des lunettes de soleil avec une norme CE3 ou CE4 et un chapeau \u00e0 bords larges, d&rsquo;appliquer de la cr\u00e8me solaire avec un indice de protection \u00e9lev\u00e9, vingt\u00a0minutes avant une exposition, toutes les deux heures et apr\u00e8s chaque baignade, m\u00eame par temps nuageux.<\/p>\n<p class=\"social-zone__share-text\">\n      Partager\u00a0:<br \/>\n      l\u2019article sur les r\u00e9seaux sociaux\n    <\/p>\n<ul class=\"social-zone__list\">\n<li class=\"social-zone__item\">\n<p>        Partagez sur twitter (nouvel onglet) (Nouvelle fen\u00eatre)<\/p>\n<\/li>\n<li class=\"social-zone__item\">\n<p>        Partagez sur whatsApp (nouvel onglet) (Nouvelle fen\u00eatre)<\/p>\n<\/li>\n<li class=\"social-zone__item\">\n<p>        Partagez sur facebook (nouvel onglet) (Nouvelle fen\u00eatre)<\/p>\n<\/li>\n<li class=\"social-zone__item\">\n<p>        Partagez par email (Nouvelle fen\u00eatre)<\/p>\n<\/li>\n<li class=\"social-zone__item\">\n<p>        Partagez (Nouvelle fen\u00eatre)<\/p>\n<\/li>\n<\/ul>\n<p class=\"related-tags__title\" role=\"heading\" aria-level=\"2\">les mots-cl\u00e9s associ\u00e9s \u00e0 cet article\n    <\/p>\n","protected":false},"excerpt":{"rendered":"Cette campagne, d\u00e9clin\u00e9e en film d&rsquo;animation, est diffus\u00e9e notamment en pharmacies du 16 au 30\u00a0juin. Chaque ann\u00e9e, en&hellip;\n","protected":false},"author":2,"featured_media":182167,"comment_status":"","ping_status":"","sticky":false,"template":"","format":"standard","meta":{"footnotes":""},"categories":[10],"tags":[1011,27,72,71],"class_list":{"0":"post-182166","1":"post","2":"type-post","3":"status-publish","4":"format-standard","5":"has-post-thumbnail","7":"category-sante","8":"tag-fr","9":"tag-france","10":"tag-health","11":"tag-sante"},"share_on_mastodon":{"url":"https:\/\/pubeurope.com\/@fr\/114696042869445860","error":""},"_links":{"self":[{"href":"https:\/\/www.europesays.com\/fr\/wp-json\/wp\/v2\/posts\/182166","targetHints":{"allow":["GET"]}}],"collection":[{"href":"https:\/\/www.europesays.com\/fr\/wp-json\/wp\/v2\/posts"}],"about":[{"href":"https:\/\/www.europesays.com\/fr\/wp-json\/wp\/v2\/types\/post"}],"author":[{"embeddable":true,"href":"https:\/\/www.europesays.com\/fr\/wp-json\/wp\/v2\/users\/2"}],"replies":[{"embeddable":true,"href":"https:\/\/www.europesays.com\/fr\/wp-json\/wp\/v2\/comments?post=182166"}],"version-history":[{"count":0,"href":"https:\/\/www.europesays.com\/fr\/wp-json\/wp\/v2\/posts\/182166\/revisions"}],"wp:featuredmedia":[{"embeddable":true,"href":"https:\/\/www.europesays.com\/fr\/wp-json\/wp\/v2\/media\/182167"}],"wp:attachment":[{"href":"https:\/\/www.europesays.com\/fr\/wp-json\/wp\/v2\/media?parent=182166"}],"wp:term":[{"taxonomy":"category","embeddable":true,"href":"https:\/\/www.europesays.com\/fr\/wp-json\/wp\/v2\/categories?post=182166"},{"taxonomy":"post_tag","embeddable":true,"href":"https:\/\/www.europesays.com\/fr\/wp-json\/wp\/v2\/tags?post=182166"}],"curies":[{"name":"wp","href":"https:\/\/api.w.org\/{rel}","templated":true}]}}