{"id":182170,"date":"2025-06-17T01:12:11","date_gmt":"2025-06-17T01:12:11","guid":{"rendered":"https:\/\/www.europesays.com\/fr\/182170\/"},"modified":"2025-06-17T01:12:11","modified_gmt":"2025-06-17T01:12:11","slug":"bilan-de-la-nouvelle-numerotation-de-la-tnt-lci-grande-gagnante-cnews-inebranlable-les-premiers-jours","status":"publish","type":"post","link":"https:\/\/www.europesays.com\/fr\/182170\/","title":{"rendered":"Bilan de la nouvelle num\u00e9rotation de la TNT\u00a0: LCI grande gagnante, CNews in\u00e9branlable les premiers jours"},"content":{"rendered":"<p class=\"paragraph text_align_left\">10 jours apr\u00e8s le <a href=\"https:\/\/www.leparisien.fr\/culture-loisirs\/tv\/nouvelle-numerotation-sur-la-tnt-pourquoi-ce-changement-relance-la-guerre-des-chaines-info-05-06-2025-ZMWE2ZEXKFBAZPC3UGAOXVDYRU.php\" target=\"_blank\" rel=\"noreferrer nofollow noopener\">changement de num\u00e9rotation de la TNT<\/a>, il y a d\u00e9j\u00e0 de nets effets sur les audiences des cha\u00eenes info, d\u00e9sormais regroup\u00e9es entre le canal 13 et le 16. <a href=\"https:\/\/www.leparisien.fr\/culture-loisirs\/tv\/quelle-chaine-pour-quel-numero-voici-la-nouvelle-numerotation-de-la-tnt-sur-vos-ecrans-tv-05-06-2025-KMSATEODQBETNNN7JGADVVGWOA.php\" target=\"_blank\" rel=\"noreferrer nofollow noopener\">\u00c0 l\u2019issue de ce grand jeu de chaises musicales, cons\u00e9quence des fermetures de C8 et NRJ 12<\/a>, LCI et Franceinfo ont repris les num\u00e9ros de BFMTV et CNews, qui ont, elles, avanc\u00e9 de deux rangs.<\/p>\n<p class=\"paragraph text_align_left\">Combattue avec ardeur par BFMTV, qui craignait de voir grimper les audiences de ses concurrentes, la nouvelle num\u00e9rotation a d\u00e9j\u00e0 un vainqueur : LCI. La petite s\u0153ur de TF 1 enregistre 2,1 % de part de march\u00e9 en moyenne depuis le d\u00e9but du mois de juin, contre 1,8 % en mai. Ce qui est au-del\u00e0 de <a href=\"https:\/\/www.leparisien.fr\/culture-loisirs\/tv\/lci-mercato-presidentielle-thierry-thuillier-fait-le-bilan-de-la-saison-de-linfo-de-tf-1-08-06-2025-PEUHEF2U3ZGU7N5JMAZEBBVPWU.php\" target=\"_blank\" rel=\"noreferrer nofollow noopener\">l\u2019objectif fix\u00e9 par son patron, Thierry Thuillier<\/a>.<\/p>\n<p class=\"paragraph text_align_left\">Certes l\u2019actualit\u00e9 internationale &#8211; un de ses sp\u00e9cialit\u00e9s &#8211; est intense<a href=\"https:\/\/www.leparisien.fr\/international\/israel\/le-mossad-a-fait-de-liran-son-terrain-de-jeu-comment-le-renseignement-israelien-a-orchestre-loperation-rising-lion-16-06-2025-IJIMLVKKANCCJN6UKO6QMIVFJU.php\" target=\"_blank\" rel=\"noreferrer nofollow noopener\"> depuis qu\u2019Isra\u00ebl bombarde des positions strat\u00e9giques, notamment nucl\u00e9aires, en Iran.<\/a> Vendredi 13 juin, jour du lancement de cette op\u00e9ration militaire baptis\u00e9e <a href=\"https:\/\/www.leparisien.fr\/international\/israel\/des-centaines-dagents-du-mossad-comment-laudacieuse-operation-rising-lion-a-ete-preparee-depuis-des-mois-16-06-2025-LGUH2LF7JRARNH3O7LMBJ3JUVU.php\" rel=\"nofollow noopener\" target=\"_blank\">\u00ab Rising lion \u00bb<\/a> la cha\u00eene info du groupe TF 1 a m\u00eame d\u00e9pass\u00e9 les 3 % (3,1 %).<\/p>\n<p>Franceinfo \u00e9galement en progression<\/p>\n<p class=\"paragraph text_align_left\">Franceinfo aussi progresse. La semaine derni\u00e8re, la cha\u00eene publique n\u2019est jamais pass\u00e9e en dessous de la barre des 1 % de part de march\u00e9 (son objectif officieux). En r\u00e9sum\u00e9, elle monte \u00e0 1 % sur l\u2019ensemble de ce d\u00e9but de mois de juin, contre 0,8 % en mai.<\/p>\n<p class=\"paragraph text_align_left\">Si LCI gagne 0,3 point en un mois, BFMTV, elle, perd la m\u00eame part d\u2019audience, avec 2,6 % depuis le 1er juin, contre 2,9 % sur l\u2019ensemble du mois de mai. Le 13 juin, elle a certes enregistr\u00e9 sa plus forte audience de la semaine (3,4 %) mais elle reste largement distanc\u00e9e par sa rivale CNews.<\/p>\n<p class=\"paragraph text_align_left\">Avec 4,4 % de part de march\u00e9 les 10 et 11 juin et m\u00eame 4,6 % ce 13 juin dernier, l\u2019antenne de <a href=\"https:\/\/www.leparisien.fr\/culture-loisirs\/tv\/europe-1-pascal-praud-reprendra-la-case-de-cyril-hanouna-a-la-rentree-03-06-2025-SE4JWGKRFJGMFNZMMEAV5HPOVA.php\" target=\"_blank\" rel=\"noreferrer nofollow noopener\">Pascal Praud<\/a>, Jean-Marc Morandini et Christine Kelly affiche sa sant\u00e9 insolente. La cha\u00eene du groupe Canal + continue de progresser avec 3,5 % en cette premi\u00e8re moiti\u00e9 de mois de juin, contre 3,4 % en mai.<\/p>\n<p class=\"paragraph text_align_left\">Trois heureux et une seule malheureuse. Tel est donc le tout premier bilan des cha\u00eenes d\u2019information en continu, qui va devoir se confirmer semaine apr\u00e8s semaine puisque la vie de ces diffuseurs qui d\u00e9pendent beaucoup de l\u2019actualit\u00e9 est un long marathon.<\/p>\n","protected":false},"excerpt":{"rendered":"10 jours apr\u00e8s le changement de num\u00e9rotation de la TNT, il y a d\u00e9j\u00e0 de nets effets sur&hellip;\n","protected":false},"author":2,"featured_media":182171,"comment_status":"","ping_status":"","sticky":false,"template":"","format":"standard","meta":{"footnotes":""},"categories":[8],"tags":[872,58,59,1011,27,2205],"class_list":{"0":"post-182170","1":"post","2":"type-post","3":"status-publish","4":"format-standard","5":"has-post-thumbnail","7":"category-divertissement","8":"tag-culture-et-loisirs","9":"tag-divertissement","10":"tag-entertainment","11":"tag-fr","12":"tag-france","13":"tag-television-medias"},"share_on_mastodon":{"url":"https:\/\/pubeurope.com\/@fr\/114696050721369277","error":""},"_links":{"self":[{"href":"https:\/\/www.europesays.com\/fr\/wp-json\/wp\/v2\/posts\/182170","targetHints":{"allow":["GET"]}}],"collection":[{"href":"https:\/\/www.europesays.com\/fr\/wp-json\/wp\/v2\/posts"}],"about":[{"href":"https:\/\/www.europesays.com\/fr\/wp-json\/wp\/v2\/types\/post"}],"author":[{"embeddable":true,"href":"https:\/\/www.europesays.com\/fr\/wp-json\/wp\/v2\/users\/2"}],"replies":[{"embeddable":true,"href":"https:\/\/www.europesays.com\/fr\/wp-json\/wp\/v2\/comments?post=182170"}],"version-history":[{"count":0,"href":"https:\/\/www.europesays.com\/fr\/wp-json\/wp\/v2\/posts\/182170\/revisions"}],"wp:featuredmedia":[{"embeddable":true,"href":"https:\/\/www.europesays.com\/fr\/wp-json\/wp\/v2\/media\/182171"}],"wp:attachment":[{"href":"https:\/\/www.europesays.com\/fr\/wp-json\/wp\/v2\/media?parent=182170"}],"wp:term":[{"taxonomy":"category","embeddable":true,"href":"https:\/\/www.europesays.com\/fr\/wp-json\/wp\/v2\/categories?post=182170"},{"taxonomy":"post_tag","embeddable":true,"href":"https:\/\/www.europesays.com\/fr\/wp-json\/wp\/v2\/tags?post=182170"}],"curies":[{"name":"wp","href":"https:\/\/api.w.org\/{rel}","templated":true}]}}