{"id":182176,"date":"2025-06-17T01:16:10","date_gmt":"2025-06-17T01:16:10","guid":{"rendered":"https:\/\/www.europesays.com\/fr\/182176\/"},"modified":"2025-06-17T01:16:10","modified_gmt":"2025-06-17T01:16:10","slug":"jerome-guedj-regrette-davoir-traite-melenchon-de-salopard-mais-pas-d-antisemite","status":"publish","type":"post","link":"https:\/\/www.europesays.com\/fr\/182176\/","title":{"rendered":"J\u00e9r\u00f4me Guedj regrette d\u2019avoir trait\u00e9 M\u00e9lenchon de \u00ab\u00a0salopard\u00a0\u00bb, mais pas d\u2019\u00ab\u00a0antis\u00e9mite\u00a0\u00bb"},"content":{"rendered":"<p>Le d\u00e9put\u00e9 socialiste <a href=\"https:\/\/www.20minutes.fr\/politique\/4158534-20250614-congres-ps-jerome-guedj-accuse-jean-luc-melenchon-etre-devenu-salopard-antisemite\" target=\"_blank\" class=\"color-ultramarine c-link\" rel=\"noopener\">J\u00e9r\u00f4me Guedj<\/a> a tent\u00e9, lundi, d\u2019att\u00e9nuer la forme sans renier le fond apr\u00e8s avoir violemment attaqu\u00e9 <a href=\"https:\/\/www.20minutes.fr\/politique\/jean-luc-melenchon\/\" target=\"_blank\" class=\"color-ultramarine c-link\" rel=\"noopener\">Jean-Luc M\u00e9lenchon<\/a>, le qualifiant de \u00ab\u00a0salopard antis\u00e9mite\u00a0\u00bb lors du congr\u00e8s du Parti socialiste samedi \u00e0 Nancy. Invit\u00e9 de BFMTV, il a reconnu un \u00ab\u00a0emportement\u00a0\u00bb et a retir\u00e9 ce terme, estimant qu\u2019\u00ab\u00a0antis\u00e9mite suffisait\u00a0\u00bb.<\/p>\n<p>\u00ab\u00a0Je regrette le mot salopard, en plus il n\u2019\u00e9tait pas utile. C\u2019est une forme de pl\u00e9onasme\u00a0\u00bb, a pr\u00e9cis\u00e9 le d\u00e9put\u00e9 de l\u2019Essonne, tout en maintenant son accusation contre le leader de <a href=\"https:\/\/www.20minutes.fr\/politique\/france-insoumise\/\" target=\"_blank\" class=\"color-ultramarine c-link\" rel=\"noopener\">La France insoumise<\/a>. Ancien soutien de Jean-Luc M\u00e9lenchon et fervent promoteur de la Nupes apr\u00e8s la pr\u00e9sidentielle de\u00a02022, J\u00e9r\u00f4me Guedj a rompu avec LFI \u00e0 la suite des attaques du 7\u00a0octobre et de prises de position jug\u00e9es ambigu\u00ebs par une partie de la gauche.<\/p>\n<p>De fortes tensions entre les deux hommes<\/p>\n<p>Les tensions entre les deux hommes sont d\u00e9sormais \u00e0 leur comble. Jean-Luc M\u00e9lenchon avait auparavant qualifi\u00e9 J\u00e9r\u00f4me Guedj de \u00ab\u00a0l\u00e2che de cette vari\u00e9t\u00e9 humaine que l\u2019on conna\u00eet tous, les d\u00e9lateurs\u00a0\u00bb, ajoutant\u00a0: \u00ab\u00a0L\u2019int\u00e9ressant est de le voir s\u2019agiter autour du piquet o\u00f9 le retient la laisse de ses adh\u00e9sions.\u00a0\u00bb<\/p>\n<\/p>\n<p>La crise d\u00e9passe le simple \u00e9change d\u2019invectives\u00a0: elle ravive les divisions internes du <a href=\"https:\/\/www.20minutes.fr\/politique\/ps\/\" target=\"_blank\" class=\"color-ultramarine c-link\" rel=\"noopener\">Parti socialiste<\/a>, notamment sur l\u2019attitude \u00e0 adopter vis-\u00e0-vis de LFI en vue des \u00e9lections. Le premier secr\u00e9taire du PS, <a href=\"https:\/\/www.20minutes.fr\/politique\/olivier-faure\/\" target=\"_blank\" class=\"color-ultramarine c-link\" rel=\"noopener\">Olivier Faure<\/a>, a condamn\u00e9 les propos de J\u00e9r\u00f4me Guedj sans prendre clairement parti. Interrog\u00e9 sur France 2, il a renvoy\u00e9 dos \u00e0 dos les deux protagonistes, estimant qu\u2019ils \u00ab\u00a0trouvent un int\u00e9r\u00eat commun \u00e0 se taper l\u2019un sur l\u2019autre\u00a0\u00bb et ironisant\u00a0: \u00ab\u00a0Autrefois, quand on n\u2019\u00e9tait pas d\u2019accord, on organisait un duel \u00e0 l\u2019aube.\u00a0\u00bb<\/p>\n<p>Rapha\u00ebl Glucksmann d\u00e9fend J\u00e9r\u00f4me Guedj<\/p>\n<p>Une r\u00e9action jug\u00e9e \u00ab\u00a0minable\u00a0\u00bb par J\u00e9r\u00f4me Guedj, qui accuse Olivier Faure de pratiquer une \u00ab\u00a0inversion accusatoire\u00a0\u00bb et de ne pas le d\u00e9fendre face aux attaques r\u00e9p\u00e9t\u00e9es de l\u2019extr\u00eame gauche. \u00ab\u00a0Il y a une campagne orchestr\u00e9e contre lui, avec des relents antis\u00e9mites\u00a0\u00bb, a rench\u00e9ri <a href=\"https:\/\/www.20minutes.fr\/politique\/raphael-glucksmann\/\" target=\"_blank\" class=\"color-ultramarine c-link\" rel=\"noopener\">Rapha\u00ebl Glucksmann<\/a>, chef de file de Place Publique, lundi soir sur TF1. Il a dit \u00ab\u00a0comprendre cette col\u00e8re\u00a0\u00bb, d\u00e9non\u00e7ant l\u2019exclusion de J\u00e9r\u00f4me Guedj de certaines manifestations et les insultes \u00e0 r\u00e9p\u00e9tition dont il serait la cible, notamment le qualificatif de \u00ab\u00a0sioniste\u00a0\u00bb.<\/p>\n<p><a href=\"https:\/\/www.20minutes.fr\/politique\/ps\/\" target=\"_blank\" class=\"c-link c-btn c-btn--primary\" rel=\"noopener\">Toute l&rsquo;actualit\u00e9 du Parti socialiste<\/a><\/p>\n<p>Alors que les fractures id\u00e9ologiques et strat\u00e9giques persistent, la question d\u2019une alliance PS-LFI pour les l\u00e9gislatives reste br\u00fblante. Olivier Faure refuse d\u2019exclure toute coop\u00e9ration, malgr\u00e9 la pression croissante d\u2019une partie de son parti. Rapha\u00ebl Glucksmann, lui, r\u00e9clame une rupture claire. \u00ab\u00a0Il n\u2019y aura pas de programme de gouvernement commun avec LFI.\u00a0\u00bb<\/p>\n","protected":false},"excerpt":{"rendered":"Le d\u00e9put\u00e9 socialiste J\u00e9r\u00f4me Guedj a tent\u00e9, lundi, d\u2019att\u00e9nuer la forme sans renier le fond apr\u00e8s avoir violemment&hellip;\n","protected":false},"author":2,"featured_media":182177,"comment_status":"","ping_status":"","sticky":false,"template":"","format":"standard","meta":{"footnotes":""},"categories":[4],"tags":[47,11,6155,32002,1011,27,775,2335,3081,776,3457,1702,12,4393,4484,316,25],"class_list":{"0":"post-182176","1":"post","2":"type-post","3":"status-publish","4":"format-standard","5":"has-post-thumbnail","7":"category-france","8":"tag-actualite","9":"tag-actualites","10":"tag-antisemitisme","11":"tag-congres-du-ps","12":"tag-fr","13":"tag-france","14":"tag-grand-est","15":"tag-insulte","16":"tag-jean-luc-melenchon","17":"tag-lorraine","18":"tag-meurthe-et-moselle","19":"tag-nancy","20":"tag-news","21":"tag-olivier-faure","22":"tag-parti-socialiste-ps","23":"tag-politique","24":"tag-republique-francaise"},"share_on_mastodon":{"url":"https:\/\/pubeurope.com\/@fr\/114696066357395037","error":""},"_links":{"self":[{"href":"https:\/\/www.europesays.com\/fr\/wp-json\/wp\/v2\/posts\/182176","targetHints":{"allow":["GET"]}}],"collection":[{"href":"https:\/\/www.europesays.com\/fr\/wp-json\/wp\/v2\/posts"}],"about":[{"href":"https:\/\/www.europesays.com\/fr\/wp-json\/wp\/v2\/types\/post"}],"author":[{"embeddable":true,"href":"https:\/\/www.europesays.com\/fr\/wp-json\/wp\/v2\/users\/2"}],"replies":[{"embeddable":true,"href":"https:\/\/www.europesays.com\/fr\/wp-json\/wp\/v2\/comments?post=182176"}],"version-history":[{"count":0,"href":"https:\/\/www.europesays.com\/fr\/wp-json\/wp\/v2\/posts\/182176\/revisions"}],"wp:featuredmedia":[{"embeddable":true,"href":"https:\/\/www.europesays.com\/fr\/wp-json\/wp\/v2\/media\/182177"}],"wp:attachment":[{"href":"https:\/\/www.europesays.com\/fr\/wp-json\/wp\/v2\/media?parent=182176"}],"wp:term":[{"taxonomy":"category","embeddable":true,"href":"https:\/\/www.europesays.com\/fr\/wp-json\/wp\/v2\/categories?post=182176"},{"taxonomy":"post_tag","embeddable":true,"href":"https:\/\/www.europesays.com\/fr\/wp-json\/wp\/v2\/tags?post=182176"}],"curies":[{"name":"wp","href":"https:\/\/api.w.org\/{rel}","templated":true}]}}