{"id":182180,"date":"2025-06-17T01:18:13","date_gmt":"2025-06-17T01:18:13","guid":{"rendered":"https:\/\/www.europesays.com\/fr\/182180\/"},"modified":"2025-06-17T01:18:13","modified_gmt":"2025-06-17T01:18:13","slug":"ce-que-lon-sait-des-jeunes-victimes","status":"publish","type":"post","link":"https:\/\/www.europesays.com\/fr\/182180\/","title":{"rendered":"ce que l&rsquo;on sait des jeunes victimes"},"content":{"rendered":"<p>            Par<br \/>\n        <strong><br \/>\n            <a href=\"https:\/\/actu.fr\/auteur\/mathias-souteyrat\" title=\"Consulter tous les articles de Mathias Souteyrat\" rel=\"nofollow noopener\" target=\"_blank\">Mathias Souteyrat<\/a><br \/>\n        <\/strong><\/p>\n<p>        Publi\u00e9 le<\/p>\n<p>            16 juin 2025 \u00e0 11h16        <\/p>\n<p>Deux <a href=\"https:\/\/actu.fr\/auvergne-rhone-alpes\/saint-etienne_42218\/drame-a-saint-etienne-deux-adolescents-de-14-et-15-ans-meurent-noyes-dans-la-loire_62774919.html\" rel=\"nofollow noopener\" target=\"_blank\">adolescents \u00e2g\u00e9s de 14 et 15 ans sont morts noy\u00e9s<\/a> samedi 14\u00a0juin 2025 dans une zone sauvage des bords de Loire interdite \u00e0 la baignade, entre <a href=\"https:\/\/actu.fr\/saint-etienne\/\" rel=\"nofollow noopener\" target=\"_blank\">Saint-Etienne<\/a> et <a href=\"https:\/\/actu.fr\/auvergne-rhone-alpes\/unieux_42316\" rel=\"nofollow noopener\" target=\"_blank\">Unieux<\/a>.<br \/>\u00ab\u2009Cette belle journ\u00e9e s\u2019est tragiquement transform\u00e9e. Le premier \u00e0 sauter dans l\u2019eau s\u2019est retrouv\u00e9 en difficult\u00e9, happ\u00e9 par la profondeur. Deux de ses amis ont tent\u00e9 de lui porter secours. L\u2019un d\u2019eux a, lui aussi, \u00e9t\u00e9 emport\u00e9\u2009\u00bb, a r\u00e9agi Ga\u00ebl Perdriau, maire de Saint-Etienne. On en sait un peu plus sur les victimes.<\/p>\n<p>\u00ab\u2009Son sourire, sa douceur, sa g\u00e9n\u00e9rosit\u00e9 resteront \u00e0 jamais grav\u00e9s dans nos c\u0153urs\u2009\u00bb<\/p>\n<p class=\" wall-content\">L\u2019une des victimes s\u2019appelle <strong>Amane<\/strong>, \u00e2g\u00e9 de 15 ans, coll\u00e9gien d\u2019une classe de 3\u1d49 et originaire du secteur st\u00e9phanois de <strong>La Cotonne<\/strong>. Une <a href=\"https:\/\/www.leetchi.com\/fr\/c\/pour-amane-notre-ange-de-15-ans-3160589\" rel=\"nofollow noopener\" target=\"_blank\">cagnotte<\/a> de soutien pour la famille a \u00e9t\u00e9 mise en ligne.<\/p>\n<p class=\" wall-content\">\u00ab\u00a0Nous lan\u00e7ons cette cagnotte pour l\u2019accompagner une derni\u00e8re fois avec dignit\u00e9 \u2014 pour les frais li\u00e9s \u00e0 son enterrement, son rapatriement et tout ce que cette douleur impose \u00e0 notre famille.\u2009\u00bb<\/p>\n<blockquote class=\"ac-article-quote wall-content\">\n<p>Le 14\u00a0juin 2025, Amane, notre fils, notre fr\u00e8re, notre lumi\u00e8re, nous a quitt\u00e9s brutalement, emport\u00e9 par les eaux de la Loire. Il n\u2019avait que 15\u00a0ans. Son sourire, sa douceur, sa g\u00e9n\u00e9rosit\u00e9 resteront \u00e0 jamais grav\u00e9s dans nos c\u0153urs. Il est parti trop t\u00f4t, dans des circonstances tragiques, laissant un vide immense derri\u00e8re lui.<\/p>\n<p>    <strong>Descriptif cagnotte en ligne<\/strong>\n            <\/p><\/blockquote>\n<p class=\" wall-content\">Selon nos informations, l\u2019autre victime, \u00e2g\u00e9e de 14 ans, serait originaire de <strong>Montreynaud<\/strong>.<\/p>\n<p>Un groupe d\u2019une quinzaine de gar\u00e7ons venus se baigner<\/p>\n<p class=\" wall-content\">Pour rappel, les deux adolescents faisaient partie d\u2019un groupe d\u2019une quinzaine de gar\u00e7ons, selon la pr\u00e9fecture de la Loire, venus se baigner pr\u00e8s de la commune d\u2019Unieux, dans une zone isol\u00e9e (chemin de la Noierie), \u00e9loign\u00e9e d\u2019une base nautique, et alors que la r\u00e9gion connaissait de fortes chaleurs.<\/p>\n<p class=\" wall-content\">Les corps des deux adolescents ont \u00e9t\u00e9 rep\u00each\u00e9s \u00e0 sept et dix m\u00e8tres de profondeur par les sapeurs-pompiers appel\u00e9s par les jeunes. L\u2019un n\u2019a pas pu \u00eatre ranim\u00e9 sur place, le second est d\u00e9c\u00e9d\u00e9 lors de son transfert vers l\u2019h\u00e9licopt\u00e8re du Samu, selon l\u2019\u00e9lu, qui s\u2019est rendu sur place.<\/p>\n<p>\u00ab\u2009La baignade comporte des risques\u2009\u00bb<\/p>\n<blockquote class=\"ac-article-quote wall-content\">\n<p>Ce drame suscite une tr\u00e8s forte \u00e9motion et rappelle, en cette p\u00e9riode de fortes chaleurs propices \u00e0 la baignade, que celle-ci comporte des risques et n\u00e9cessite d\u2019adopter les bons r\u00e9flexes pour les pr\u00e9venir.<\/p>\n<p>    <strong>Pr\u00e9fecture de la Loire<\/strong>\n            <\/p><\/blockquote>\n<p class=\" wall-content\">\u00c0 la question d\u2019un internaute\u2009: \u00ab\u2009Saint-Victor-sur-Loire a toujours \u00e9t\u00e9 un cauchemar, la baignade devrait \u00eatre interdite l\u00e0-bas\u2009\u00bb. Le maire a r\u00e9pondu\u2009: \u00ab\u2009elle l\u2019est\u2009\u00bb, rappelant \u00ab\u2009collectivement, \u00e0 la prudence et \u00e0 la vigilance, surtout \u00e0 l\u2019approche de l\u2019\u00e9t\u00e9\u2009\u00bb.<\/p>\n<p>Cinq morts par noyade dans la Loire durant l\u2019\u00e9t\u00e9 2024<\/p>\n<p class=\" wall-content\">\u00ab\u2009Du 1er juin au 30 septembre 2024, dix personnes se sont noy\u00e9es, dont cinq n\u2019ont pas surv\u00e9cu dans la Loire\u2009\u00bb, d\u00e9compte l\u2019Agence r\u00e9gionale de sant\u00e9 (ARS) dans un bilan des noyades en Auvergne Rh\u00f4ne-Alpes.<\/p>\n<p class=\" wall-content\">Selon Sant\u00e9 publique France, la r\u00e9gion comptabilise, sur cette m\u00eame p\u00e9riode, pr\u00e8s de 114 noyades dont 34\u2009% d\u2019entre elles ont entra\u00een\u00e9 un d\u00e9c\u00e8s.<\/p>\n<p class=\" wall-content\">L\u2019ARS conseille \u00ab\u2009afin de r\u00e9duire au maximum tout accident ou risque de noyade\u2009\u00bb \u00e0 tous d\u2019\u00eatres vigilants et de veiller notamment \u00e0\u2009:<\/p>\n<ul class=\" wall-content\">\n<li><strong>Se baigner dans des zones surveill\u00e9es<\/strong>, qui disposent d\u2019am\u00e9nagements s\u00e9curis\u00e9s et se conformer aux \u00e9ventuelles consignes affich\u00e9es sur place.<\/li>\n<li>Surveiller en permanence les enfants et tenir compte de leur \u00e9tat de forme.<\/li>\n<\/ul>\n<p>Voici la <a href=\"https:\/\/www.auvergne-rhone-alpes.ars.sante.fr\/baignades-connaitre-la-qualite-des-eaux-de-baignade-en-auvergne-rhone-alpes\" rel=\"nofollow noopener\" target=\"_blank\">carte<\/a> pour connaitre les zones de baignade dans la r\u00e9gion Auvergne-Rh\u00f4ne-Alpes.<\/p>\n<p class=\" wall-content\">Suivez toute l\u2019actualit\u00e9 de vos villes et m\u00e9dias favoris en vous inscrivant \u00e0 <a href=\"https:\/\/moncompte.actu.fr\" title=\"D\u00e9couvez Mon Actu\" rel=\"nofollow noopener\" data-trk=\"{&quot;cta&quot;:{&quot;action&quot;:&quot;https:\\\/\\\/moncompte.actu.fr&quot;,&quot;category&quot;:&quot;mon compte&quot;,&quot;from&quot;:&quot;article footer&quot;,&quot;name&quot;:&quot;Mon actu&quot;,&quot;type&quot;:&quot;cta&quot;}}\" target=\"_blank\">Mon Actu<\/a>.<\/p>\n","protected":false},"excerpt":{"rendered":"Par Mathias Souteyrat Publi\u00e9 le 16 juin 2025 \u00e0 11h16 Deux adolescents \u00e2g\u00e9s de 14 et 15 ans&hellip;\n","protected":false},"author":2,"featured_media":182181,"comment_status":"","ping_status":"","sticky":false,"template":"","format":"standard","meta":{"footnotes":""},"categories":[9653],"tags":[1111,11,2430,1777,674,118,1011,27,12,1311,25,4001],"class_list":{"0":"post-182180","1":"post","2":"type-post","3":"status-publish","4":"format-standard","5":"has-post-thumbnail","7":"category-saint-etienne","8":"tag-actu","9":"tag-actualites","10":"tag-auvergne-rhone-alpes","11":"tag-eu","12":"tag-europe","13":"tag-faits-divers","14":"tag-fr","15":"tag-france","16":"tag-news","17":"tag-pompiers","18":"tag-republique-francaise","19":"tag-saint-etienne"},"share_on_mastodon":{"url":"https:\/\/pubeurope.com\/@fr\/114696074284944422","error":""},"_links":{"self":[{"href":"https:\/\/www.europesays.com\/fr\/wp-json\/wp\/v2\/posts\/182180","targetHints":{"allow":["GET"]}}],"collection":[{"href":"https:\/\/www.europesays.com\/fr\/wp-json\/wp\/v2\/posts"}],"about":[{"href":"https:\/\/www.europesays.com\/fr\/wp-json\/wp\/v2\/types\/post"}],"author":[{"embeddable":true,"href":"https:\/\/www.europesays.com\/fr\/wp-json\/wp\/v2\/users\/2"}],"replies":[{"embeddable":true,"href":"https:\/\/www.europesays.com\/fr\/wp-json\/wp\/v2\/comments?post=182180"}],"version-history":[{"count":0,"href":"https:\/\/www.europesays.com\/fr\/wp-json\/wp\/v2\/posts\/182180\/revisions"}],"wp:featuredmedia":[{"embeddable":true,"href":"https:\/\/www.europesays.com\/fr\/wp-json\/wp\/v2\/media\/182181"}],"wp:attachment":[{"href":"https:\/\/www.europesays.com\/fr\/wp-json\/wp\/v2\/media?parent=182180"}],"wp:term":[{"taxonomy":"category","embeddable":true,"href":"https:\/\/www.europesays.com\/fr\/wp-json\/wp\/v2\/categories?post=182180"},{"taxonomy":"post_tag","embeddable":true,"href":"https:\/\/www.europesays.com\/fr\/wp-json\/wp\/v2\/tags?post=182180"}],"curies":[{"name":"wp","href":"https:\/\/api.w.org\/{rel}","templated":true}]}}