{"id":182184,"date":"2025-06-17T01:20:50","date_gmt":"2025-06-17T01:20:50","guid":{"rendered":"https:\/\/www.europesays.com\/fr\/182184\/"},"modified":"2025-06-17T01:20:50","modified_gmt":"2025-06-17T01:20:50","slug":"lepreuve-de-philo-lance-le-baccalaureat-au-lycee-poincare","status":"publish","type":"post","link":"https:\/\/www.europesays.com\/fr\/182184\/","title":{"rendered":"l&rsquo;\u00e9preuve de philo lance le baccalaur\u00e9at au lyc\u00e9e Poincar\u00e9"},"content":{"rendered":"<p>L&rsquo;\u00e9preuve du bac de philosophie s&rsquo;est d\u00e9roul\u00e9e ce lundi matin au lyc\u00e9e Poincar\u00e9, o\u00f9 279 \u00e9l\u00e8ves r\u00e9partis dans 25 salles de l&rsquo;\u00e9tablissement scolaire ont planch\u00e9 sur la libert\u00e9, l&rsquo;art, la technique ou encore la v\u00e9rit\u00e9. Que ce soit pour le bac g\u00e9n\u00e9ral ou le bac technologique, tous les candidats devaient s&rsquo;exprimer sur l&rsquo;une ou l&rsquo;autre de ces th\u00e9matiques, avec plus ou moins d&rsquo;int\u00e9r\u00eat. En attendant de se retrouver pour les sp\u00e9cialit\u00e9s aux forts coefficients, ce mardi et ce mercredi.<\/p>\n","protected":false},"excerpt":{"rendered":"L&rsquo;\u00e9preuve du bac de philosophie s&rsquo;est d\u00e9roul\u00e9e ce lundi matin au lyc\u00e9e Poincar\u00e9, o\u00f9 279 \u00e9l\u00e8ves r\u00e9partis dans&hellip;\n","protected":false},"author":2,"featured_media":182185,"comment_status":"","ping_status":"","sticky":false,"template":"","format":"standard","meta":{"footnotes":""},"categories":[9635],"tags":[1111,11,3600,3599,3602,1057,1777,674,10961,1011,27,2798,775,1702,12,25],"class_list":{"0":"post-182184","1":"post","2":"type-post","3":"status-publish","4":"format-standard","5":"has-post-thumbnail","7":"category-nancy","8":"tag-actu","9":"tag-actualites","10":"tag-bar-le-duc","11":"tag-college-lycee","12":"tag-edition-bar-le-duc","13":"tag-education","14":"tag-eu","15":"tag-europe","16":"tag-examen-diplome","17":"tag-fr","18":"tag-france","19":"tag-galerie-photo","20":"tag-grand-est","21":"tag-nancy","22":"tag-news","23":"tag-republique-francaise"},"share_on_mastodon":{"url":"https:\/\/pubeurope.com\/@fr\/114696086075264831","error":""},"_links":{"self":[{"href":"https:\/\/www.europesays.com\/fr\/wp-json\/wp\/v2\/posts\/182184","targetHints":{"allow":["GET"]}}],"collection":[{"href":"https:\/\/www.europesays.com\/fr\/wp-json\/wp\/v2\/posts"}],"about":[{"href":"https:\/\/www.europesays.com\/fr\/wp-json\/wp\/v2\/types\/post"}],"author":[{"embeddable":true,"href":"https:\/\/www.europesays.com\/fr\/wp-json\/wp\/v2\/users\/2"}],"replies":[{"embeddable":true,"href":"https:\/\/www.europesays.com\/fr\/wp-json\/wp\/v2\/comments?post=182184"}],"version-history":[{"count":0,"href":"https:\/\/www.europesays.com\/fr\/wp-json\/wp\/v2\/posts\/182184\/revisions"}],"wp:featuredmedia":[{"embeddable":true,"href":"https:\/\/www.europesays.com\/fr\/wp-json\/wp\/v2\/media\/182185"}],"wp:attachment":[{"href":"https:\/\/www.europesays.com\/fr\/wp-json\/wp\/v2\/media?parent=182184"}],"wp:term":[{"taxonomy":"category","embeddable":true,"href":"https:\/\/www.europesays.com\/fr\/wp-json\/wp\/v2\/categories?post=182184"},{"taxonomy":"post_tag","embeddable":true,"href":"https:\/\/www.europesays.com\/fr\/wp-json\/wp\/v2\/tags?post=182184"}],"curies":[{"name":"wp","href":"https:\/\/api.w.org\/{rel}","templated":true}]}}