{"id":182186,"date":"2025-06-17T01:21:20","date_gmt":"2025-06-17T01:21:20","guid":{"rendered":"https:\/\/www.europesays.com\/fr\/182186\/"},"modified":"2025-06-17T01:21:20","modified_gmt":"2025-06-17T01:21:20","slug":"le-sujet-la-verite-est-elle-toujours-convaincante-a-eu-les-faveurs-des-candidats","status":"publish","type":"post","link":"https:\/\/www.europesays.com\/fr\/182186\/","title":{"rendered":"le sujet \u00ab La v\u00e9rit\u00e9 est-elle toujours convaincante ? \u00bb a eu les faveurs des candidats"},"content":{"rendered":"<p>C\u2019est parti pour les 22 897 candidats toutes fili\u00e8res confondues sur l\u2019Acad\u00e9mie Nancy Metz. S\u2019il a perdu ses valeurs d\u2019orientation depuis l\u2019intronisation de <a href=\"https:\/\/www.estrepublicain.fr\/p\/parcoursup\" target=\"_blank\" rel=\"noopener\">Parcoursup<\/a>, s\u2019il est pass\u00e9 de concours \u00e0 examen, le baccalaur\u00e9at garde la charge symbolique du chapitre lyc\u00e9en accompli en leur octroyant un dipl\u00f4me.<\/p>\n<p>Ce lundi, <a href=\"https:\/\/www.estrepublicain.fr\/education\/2025\/06\/09\/parcoursup-a-quoi-sert-la-phase-complementaire-qui-debute-ce-mercredi\" target=\"_blank\" rel=\"noopener\">Parcoursup<\/a> et ses choix d\u2019orientations \u00e9taient donc, pour un instant, \u00e9clips\u00e9s. Il est \u00e0 12 h, et les \u00e9l\u00e8ves de Terminale du Lyc\u00e9e Poincar\u00e9 viennent de franchir la premi\u00e8re haie de leur course marathon pour d\u00e9crocher le bac. C\u2019est l\u2019heure des \u00e9changes, des ressentis sur la place Dombasle, \u00e0 Nancy. Tradition oblige, l\u2019\u00e9preuve de philosophie, coefficient 8, sonnait les trois coups de ces quatre jours d\u2019examen.<\/p>\n<p>  \u00ab 16,5 selon ChatGPT \u00bb<\/p>\n<p>Le candidat Lucien lance sa premi\u00e8re estimation : \u00ab Je viens <a href=\"https:\/\/www.estrepublicain.fr\/education\/2023\/06\/21\/chatgpt-trop-utilise-par-des-etudiants-une-prof-refuse-de-corriger-les-copies\" target=\"_blank\" rel=\"noopener\">d&rsquo;interroger ChatGPT<\/a> , sur les notions que j\u2019ai mentionn\u00e9es, a priori ma note pourrait tourner autour de 16,5 \u00bb. Tout le bien qu\u2019on lui souhaite. La d\u00e9finition de la v\u00e9rit\u00e9 d\u2019Aristote, la distinction de l\u2019opinion, de la foi et du savoir chez Kant ou encore la r\u00e9f\u00e9rence au film Douze hommes en col\u00e8re balisent l\u2019estimation de la dissertation qu\u2019il vient rendre sur le th\u00e8me : \u00ab La v\u00e9rit\u00e9 est-elle toujours convaincante ? \u00bb<\/p>\n<p>Le th\u00e8me a semble-t-il eu les faveurs de la vingtaine de candidats interrog\u00e9s, se pla\u00e7ant devant l\u2019explication des textes de John Rawls et Adam Smith et le moins inspirant second sujet de dissertation \u00ab Notre avenir d\u00e9pend-il de la technique ? \u00bb<\/p>\n<p>Ce dernier sujet a pourtant \u00e9t\u00e9 choisi par Lise et Emma. La premi\u00e8re a convoqu\u00e9 Hanna Arendt sur ses pens\u00e9es autour du travail, l\u2019\u0153uvre et l\u2019action, lorsque la seconde mentionnait Descartes, Jonas et Nietzsche pour interroger le possible \u00e9loignement de la nature que procure la technique.<\/p>\n<p class=\"txt\">Finalement, j\u2019ai plus travaill\u00e9 la mati\u00e8re avec internet qu\u2019en cours.<\/p>\n<p class=\"nom\">Une candidate au bac<\/p>\n<p>Octavia, qui a opt\u00e9 pour le commentaire de texte, esp\u00e8re de son c\u00f4t\u00e9 limiter la casse : \u00ab J\u2019ai eu 9 toute l\u2019ann\u00e9e, mais je signe pour un 10 \u00bb.<\/p>\n<p>Bref, ils ont phosphor\u00e9 durant quatre heures en d\u00e9pit pourtant, pour certains, d\u2019un agenda trou\u00e9 tout au long de l\u2019ann\u00e9e : \u00ab Notre prof a \u00e9t\u00e9 absente quasiment 40 % de l\u2019ann\u00e9e \u00bb estime une candidate assise sur le banc de la place Dombasle. Sa voisine encha\u00eene : \u00ab Pousser la r\u00e9flexion, s\u2019interroger, c\u2019est hyper int\u00e9ressant mais, finalement, j\u2019ai plus travaill\u00e9 la mati\u00e8re avec internet qu\u2019en cours. \u00bb<\/p>\n<p>Et malgr\u00e9 un sommeil difficile \u00e0 trouver la nuit pr\u00e9c\u00e9dente, il faut d\u00e9j\u00e0 repartir au charbon. Du moins aux r\u00e9visions pour les mati\u00e8res sp\u00e9cifiques. L\u00e0 deux \u00e9coles s\u2019affrontent : \u00ab Demain, c\u2019est Math\u00e9matiques coefficient 16, je vais r\u00e9viser \u00e0 la maison \u00bb pr\u00e9cise Lilya, sortie convaincue de sa copie 20 minutes avant la fin de l\u2019\u00e9preuve de philo.<\/p>\n<p>Pour \u00c9meline, Kyana, <a href=\"https:\/\/www.estrepublicain.fr\/p\/mila\" target=\"_blank\" rel=\"noopener\">Mila<\/a> et Flore, tout se passera en r\u00e9vision collective \u00e0 la BU. Tout comme pour Temuujin qui, lui, croise les doigts pour la suite : \u00ab D\u00e9j\u00e0, je suis pris en pr\u00e9pa \u00e0 Metz mais 20e sur liste d\u2019attente pour la pr\u00e9pa \u00e0 Poincar\u00e9 \u00bb. Parcoursup est d\u00e9j\u00e0 r\u00e9apparu.<\/p>\n","protected":false},"excerpt":{"rendered":"C\u2019est parti pour les 22 897 candidats toutes fili\u00e8res confondues sur l\u2019Acad\u00e9mie Nancy Metz. S\u2019il a perdu ses&hellip;\n","protected":false},"author":2,"featured_media":182187,"comment_status":"","ping_status":"","sticky":false,"template":"","format":"standard","meta":{"footnotes":""},"categories":[9635],"tags":[1111,11,3599,1704,1057,1777,674,10961,1011,27,775,3457,1702,1703,12,25],"class_list":{"0":"post-182186","1":"post","2":"type-post","3":"status-publish","4":"format-standard","5":"has-post-thumbnail","7":"category-nancy","8":"tag-actu","9":"tag-actualites","10":"tag-college-lycee","11":"tag-edition-nancy-et-agglomeration","12":"tag-education","13":"tag-eu","14":"tag-europe","15":"tag-examen-diplome","16":"tag-fr","17":"tag-france","18":"tag-grand-est","19":"tag-meurthe-et-moselle","20":"tag-nancy","21":"tag-nancy-ville-54b","22":"tag-news","23":"tag-republique-francaise"},"share_on_mastodon":{"url":"https:\/\/pubeurope.com\/@fr\/114696086188910429","error":""},"_links":{"self":[{"href":"https:\/\/www.europesays.com\/fr\/wp-json\/wp\/v2\/posts\/182186","targetHints":{"allow":["GET"]}}],"collection":[{"href":"https:\/\/www.europesays.com\/fr\/wp-json\/wp\/v2\/posts"}],"about":[{"href":"https:\/\/www.europesays.com\/fr\/wp-json\/wp\/v2\/types\/post"}],"author":[{"embeddable":true,"href":"https:\/\/www.europesays.com\/fr\/wp-json\/wp\/v2\/users\/2"}],"replies":[{"embeddable":true,"href":"https:\/\/www.europesays.com\/fr\/wp-json\/wp\/v2\/comments?post=182186"}],"version-history":[{"count":0,"href":"https:\/\/www.europesays.com\/fr\/wp-json\/wp\/v2\/posts\/182186\/revisions"}],"wp:featuredmedia":[{"embeddable":true,"href":"https:\/\/www.europesays.com\/fr\/wp-json\/wp\/v2\/media\/182187"}],"wp:attachment":[{"href":"https:\/\/www.europesays.com\/fr\/wp-json\/wp\/v2\/media?parent=182186"}],"wp:term":[{"taxonomy":"category","embeddable":true,"href":"https:\/\/www.europesays.com\/fr\/wp-json\/wp\/v2\/categories?post=182186"},{"taxonomy":"post_tag","embeddable":true,"href":"https:\/\/www.europesays.com\/fr\/wp-json\/wp\/v2\/tags?post=182186"}],"curies":[{"name":"wp","href":"https:\/\/api.w.org\/{rel}","templated":true}]}}