{"id":182188,"date":"2025-06-17T01:22:13","date_gmt":"2025-06-17T01:22:13","guid":{"rendered":"https:\/\/www.europesays.com\/fr\/182188\/"},"modified":"2025-06-17T01:22:13","modified_gmt":"2025-06-17T01:22:13","slug":"la-metropole-toulonnaise-doit-elle-revendre-la-villa-romaine-lidee-traverse-lesprit-de-certains","status":"publish","type":"post","link":"https:\/\/www.europesays.com\/fr\/182188\/","title":{"rendered":"La m\u00e9tropole toulonnaise doit-elle revendre la \u00ab\u00a0villa Romaine\u00a0\u00bb? L&rsquo;id\u00e9e traverse l&rsquo;esprit de certains"},"content":{"rendered":"<p>\u00ab\u00a0Je me pose la question de revendre de la villa Romaine\u00a0\u00bb. Lors du point presse qu&rsquo;il tenait mercredi pour faire le point sur la situation de la Villa Noailles, <strong>Jean-Pierre Giran n&rsquo;a pas cach\u00e9 avoir des r\u00e9serves sur le \u00ab\u00a0rendement\u00a0\u00bb de la maison<\/strong>, propri\u00e9t\u00e9 de la M\u00e9tropole, mise \u00e0 disposition de l&rsquo;association pilotant le centre d&rsquo;art.<\/p>\n<p>\u00ab\u00a0La revendre pourrait \u00eatre un signal important\u00a0\u00bb, explique-t-il en faisant r\u00e9f\u00e9rence \u00e0 la dette accumul\u00e9e par l&rsquo;association pourtant largement subventionn\u00e9e par les acteurs publics<a href=\"https:\/\/www.varmatin.com\/vie-locale\/la-villa-noailles-recherche-une-nouvelle-direction-988802\" rel=\"nofollow noopener\" target=\"_blank\"> (nos pr\u00e9c\u00e9dentes \u00e9ditions).<\/a><\/p>\n<p>Autre possibilit\u00e9 \u00e0 l&rsquo;\u00e9tude du c\u00f4t\u00e9 de TPM, changer la destination de la b\u00e2tisse et son jardin.<\/p>\n<p>En clair, la conserver dans le patrimoine, &#8211; ce qui pr\u00e9sente l&rsquo;avantage de ne pas avoir \u00e0 chercher un acqu\u00e9reur -, mais r\u00e9cup\u00e9rer les cl\u00e9s pour y loger une autre activit\u00e9&#8230; permettant au passage d&rsquo;ouvrir davantage l&rsquo;extraordinaire site au public.<\/p>\n<p>La fermeture quasi permanente du lieu fait en effet partie des critiques qui se font le plus entendre.<\/p>\n<p><a href=\"https:\/\/www.varmatin.com\/vie-locale\/week-end-a-la-villa-romaine-260944\" rel=\"nofollow noopener\" target=\"_blank\">\u00c0 l&rsquo;heure actuelle, <strong>la maison sert en effet principalement de lieu de stockage<\/strong>.<\/a> Toutes les collections des festivals de mode et de photos s&rsquo;y entassent au fil des ans. Un entrep\u00f4t de grand luxe o\u00f9 le public n&rsquo;est invit\u00e9 qu&rsquo;\u00e0 de rares occasions, comme lors des rendez-vous aux jardins, ou des journ\u00e9es du patrimoine.<\/p>\n<p>Idem pour le parc arbor\u00e9 et fleuri, dont les jeux de miroirs, fresques, alc\u00f4ves et statues s&rsquo;ennuient, faute de promeneurs.<\/p>\n<p>Interrog\u00e9e sur l&rsquo;hypoth\u00e8se d&rsquo;avoir \u00e0 se d\u00e9faire de la villa Romaine, <strong>l&rsquo;association Villa Noailles \u00ab\u00a0ne fait pas de commentaire\u00a0\u00bb.<\/strong><\/p>\n<p><strong>TPM peut-elle revendre ?<\/strong><\/p>\n<p>Question subsidiaire, mais pas totalement anodine, la M\u00e9tropole a-t-elle les mains libres pour se d\u00e9faire du b\u00e2timent ?<\/p>\n<p>Son rachat en 2018 avait fait l&rsquo;objet d&rsquo;un partenariat public-priv\u00e9. Chez le notaire, pour signer le ch\u00e8que de 1,5 million d&rsquo;euros, TPM avait d\u00e9bloqu\u00e9 300 000 \u20ac et obtenu des subventions de l&rsquo;\u00c9tat (400 000 \u20ac), la R\u00e9gion (283 000 \u20ac), le D\u00e9partement (280 000 \u20ac) mais aussi les maisons Chanel et Herm\u00e8s, accompagn\u00e9es par les fondations Fiorucci et Carmignac.<\/p>\n<p>Autant d&rsquo;acteurs qui ont mis la main \u00e0 la poche, il y a moins de 10 ans pour sponsoriser la cr\u00e9ation et la mode. Seront-ils d&rsquo;accord pour une revente ? \u00c0 ce stade pas de certitude. \u00ab\u00a0Je ne suis pas seul d\u00e9cideur\u00a0\u00bb, conc\u00e8de le pr\u00e9sident de la M\u00e9tropole.<\/p>\n<p>Un autre obstacle se pr\u00e9sente \u00e9galement \u00e0 une mise sur le march\u00e9. Jean Joeriman, l&rsquo;ancien propri\u00e9taire a certes l\u00e9gu\u00e9 sa propri\u00e9t\u00e9 au Ch\u00e2teau de Versailles (lire ci-dessous), mais laiss\u00e9 l&rsquo;usufruit d&rsquo;une d\u00e9pendance \u00e0 sa gouvernante historique. Une dame aujourd&rsquo;hui \u00e2g\u00e9e et sous tutelle qui conserve tous ses droits sur le bien. Une situation qui pourrait compliquer l&rsquo;affaire.<\/p>\n<p><strong>Le dr\u00f4le de destin d&rsquo;une villa pas comme les autres<\/strong><\/p>\n<p>B\u00e2tie dans les ann\u00e9es 1880 dans le quartier Ch\u00e2teaubriand, la villa Romaine doit son nom et sa r\u00e9putation \u00e0 l&rsquo;exub\u00e9rance avec laquelle Jean Joeriman, qui fut son propri\u00e9taire pendant 60 ans, a su la d\u00e9corer et l&rsquo;arborer dans un style \u00e9videmment antique.<\/p>\n<p>\u00c0 sa mort en 2012, il la l\u00e8gue au Ch\u00e2teau de Versailles&#8230; qui manifestement ne sait pas trop quoi en faire et cherche rapidement \u00e0 s&rsquo;en s\u00e9parer.<\/p>\n<p>Pouss\u00e9 par Fran\u00e7ois Hollande, qui vient d&rsquo;accorder le titre de centre d&rsquo;art \u00e0 la Villa Noailles, TPM la rach\u00e8te en 2018 et la met \u00e0 disposition de l&rsquo;association. Objectif affich\u00e9 alors : en faire un espace de conservation et y accueillir des artistes en r\u00e9sidence. Elle fait ensuite scandale en 2019 en proposant une expo pol\u00e9mique (c\u00e9l\u00e9brant sans pudeur l&rsquo;homosexualit\u00e9) interdite aux mineurs. \u00ab\u00a0Une exposition durant laquelle la libert\u00e9 fr\u00f4lait la licence\u00a0\u00bb, s&rsquo;\u00e9touffe encore Jean-Pierre Giran en avouant \u00ab\u00a0\u00eatre sorti en courant\u00a0\u00bb.<\/p>\n","protected":false},"excerpt":{"rendered":"\u00ab\u00a0Je me pose la question de revendre de la villa Romaine\u00a0\u00bb. Lors du point presse qu&rsquo;il tenait mercredi&hellip;\n","protected":false},"author":2,"featured_media":182189,"comment_status":"","ping_status":"","sticky":false,"template":"","format":"standard","meta":{"footnotes":""},"categories":[9619],"tags":[1111,11,1777,674,1011,27,12,882,25,2310,3366],"class_list":{"0":"post-182188","1":"post","2":"type-post","3":"status-publish","4":"format-standard","5":"has-post-thumbnail","7":"category-toulon","8":"tag-actu","9":"tag-actualites","10":"tag-eu","11":"tag-europe","12":"tag-fr","13":"tag-france","14":"tag-news","15":"tag-provence-alpes-cote-dazur","16":"tag-republique-francaise","17":"tag-toulon","18":"tag-vie-locale"},"share_on_mastodon":{"url":"https:\/\/pubeurope.com\/@fr\/114696090026294785","error":""},"_links":{"self":[{"href":"https:\/\/www.europesays.com\/fr\/wp-json\/wp\/v2\/posts\/182188","targetHints":{"allow":["GET"]}}],"collection":[{"href":"https:\/\/www.europesays.com\/fr\/wp-json\/wp\/v2\/posts"}],"about":[{"href":"https:\/\/www.europesays.com\/fr\/wp-json\/wp\/v2\/types\/post"}],"author":[{"embeddable":true,"href":"https:\/\/www.europesays.com\/fr\/wp-json\/wp\/v2\/users\/2"}],"replies":[{"embeddable":true,"href":"https:\/\/www.europesays.com\/fr\/wp-json\/wp\/v2\/comments?post=182188"}],"version-history":[{"count":0,"href":"https:\/\/www.europesays.com\/fr\/wp-json\/wp\/v2\/posts\/182188\/revisions"}],"wp:featuredmedia":[{"embeddable":true,"href":"https:\/\/www.europesays.com\/fr\/wp-json\/wp\/v2\/media\/182189"}],"wp:attachment":[{"href":"https:\/\/www.europesays.com\/fr\/wp-json\/wp\/v2\/media?parent=182188"}],"wp:term":[{"taxonomy":"category","embeddable":true,"href":"https:\/\/www.europesays.com\/fr\/wp-json\/wp\/v2\/categories?post=182188"},{"taxonomy":"post_tag","embeddable":true,"href":"https:\/\/www.europesays.com\/fr\/wp-json\/wp\/v2\/tags?post=182188"}],"curies":[{"name":"wp","href":"https:\/\/api.w.org\/{rel}","templated":true}]}}