{"id":182197,"date":"2025-06-17T01:30:11","date_gmt":"2025-06-17T01:30:11","guid":{"rendered":"https:\/\/www.europesays.com\/fr\/182197\/"},"modified":"2025-06-17T01:30:11","modified_gmt":"2025-06-17T01:30:11","slug":"a-thorigne-fouillard-une-rencontre-sur-la-reconversion-professionnelle","status":"publish","type":"post","link":"https:\/\/www.europesays.com\/fr\/182197\/","title":{"rendered":"\u00c0 Thorign\u00e9-Fouillard, une rencontre sur la reconversion professionnelle"},"content":{"rendered":"<p>Le Point accueil emploi de Thorign\u00e9-Fouillard (Ille-et-Vilaine) organise la 2e \u00e9dition de son forum qui permet aux particuliers de rencontrer les professionnels de la reconversion. La salle de l\u2019Eclat permettra aux personnes int\u00e9ress\u00e9es de rencontrer au minimum 27\u00a0partenaires (France Travail, R\u00e9gion Bretagne, Transition pro, plan local d\u2019insertion \u00e0 l\u2019emploi,\u00a0etc.) qui pourront les conseiller dans leurs d\u00e9marches.<\/p>\n<p>Changer de voie<\/p>\n<p>Le point accueil emploi de la commune re\u00e7oit environ 150\u00a0personnes par an, dont 45\u00a0qui passent r\u00e9guli\u00e8rement. Une quinzaine de personnes ont d\u00e9j\u00e0 r\u00e9fl\u00e9chi ou commenc\u00e9 une d\u00e9marche de reconversion professionnelle depuis un an. Nombre d\u2019entre elles ont fait part de craintes et de doutes. \u00a0On peut avoir besoin de r\u00e9fl\u00e9chir \u00e0 une autre orientation professionnelle pour diff\u00e9rentes raisons, avance Anne Ruelland, Cela peut intervenir lorsqu\u2019on a plus les capacit\u00e9s physiques pour exercer son m\u00e9tier ou lorsqu\u2019on a de nouvelles aspirations, plus en ad\u00e9quation avec sa vie personnelle. Identifier ses comp\u00e9tences et ses aspirations, c\u2019est souvent sur ces points qu\u2019on a besoin d\u2019\u00eatre accompagn\u00e9 par des professionnels pour valider son projet.\u00a0<\/p>\n<p>Un programme avec des partenaires<\/p>\n<p>Cinq conf\u00e9rences avec des interventions de 20\u00a0minutes (\u00e0 partir de 9\u00a0h\u00a030) seront propos\u00e9es\u00a0pour mieux appr\u00e9hender les diff\u00e9rentes \u00e9tapes de la reconversion\u00a0professionnelle. Des animations de 30\u00a0minutes sont aussi programm\u00e9es, avec\u00a0Talent Game pour identifier ses comp\u00e9tences et ses talents\u00a0; Escape Box pour identifier ses comp\u00e9tences g\u00e9n\u00e9rales et enfin d\u00e9couvrir des m\u00e9tiers avec un casque de r\u00e9alit\u00e9 virtuelle.<\/p>\n<p><strong>Vendredi 20\u00a0juin 2025,<\/strong> de 9\u00a0h \u00e0 13\u00a0h salle de l\u2019Eclat, rue de la For\u00eat, \u00e0 Thorign\u00e9-Fouillard\u00a0; gratuit et ouvert \u00e0 tous.<\/p>\n<p>\u00a0<\/p>\n","protected":false},"excerpt":{"rendered":"Le Point accueil emploi de Thorign\u00e9-Fouillard (Ille-et-Vilaine) organise la 2e \u00e9dition de son forum qui permet aux particuliers&hellip;\n","protected":false},"author":2,"featured_media":182198,"comment_status":"","ping_status":"","sticky":false,"template":"","format":"standard","meta":{"footnotes":""},"categories":[2821],"tags":[1111,11,829,1777,674,1011,27,12,6354,6046,3086,5486,584,25,4182],"class_list":{"0":"post-182197","1":"post","2":"type-post","3":"status-publish","4":"format-standard","5":"has-post-thumbnail","7":"category-rennes","8":"tag-actu","9":"tag-actualites","10":"tag-bretagne","11":"tag-eu","12":"tag-europe","13":"tag-fr","14":"tag-france","15":"tag-news","16":"tag-professionnelle","17":"tag-reconversion","18":"tag-redon","19":"tag-rencontre","20":"tag-rennes","21":"tag-republique-francaise","22":"tag-thorigne-fouillard"},"share_on_mastodon":{"url":"https:\/\/pubeurope.com\/@fr\/114696121531425980","error":""},"_links":{"self":[{"href":"https:\/\/www.europesays.com\/fr\/wp-json\/wp\/v2\/posts\/182197","targetHints":{"allow":["GET"]}}],"collection":[{"href":"https:\/\/www.europesays.com\/fr\/wp-json\/wp\/v2\/posts"}],"about":[{"href":"https:\/\/www.europesays.com\/fr\/wp-json\/wp\/v2\/types\/post"}],"author":[{"embeddable":true,"href":"https:\/\/www.europesays.com\/fr\/wp-json\/wp\/v2\/users\/2"}],"replies":[{"embeddable":true,"href":"https:\/\/www.europesays.com\/fr\/wp-json\/wp\/v2\/comments?post=182197"}],"version-history":[{"count":0,"href":"https:\/\/www.europesays.com\/fr\/wp-json\/wp\/v2\/posts\/182197\/revisions"}],"wp:featuredmedia":[{"embeddable":true,"href":"https:\/\/www.europesays.com\/fr\/wp-json\/wp\/v2\/media\/182198"}],"wp:attachment":[{"href":"https:\/\/www.europesays.com\/fr\/wp-json\/wp\/v2\/media?parent=182197"}],"wp:term":[{"taxonomy":"category","embeddable":true,"href":"https:\/\/www.europesays.com\/fr\/wp-json\/wp\/v2\/categories?post=182197"},{"taxonomy":"post_tag","embeddable":true,"href":"https:\/\/www.europesays.com\/fr\/wp-json\/wp\/v2\/tags?post=182197"}],"curies":[{"name":"wp","href":"https:\/\/api.w.org\/{rel}","templated":true}]}}