{"id":182203,"date":"2025-06-17T01:33:30","date_gmt":"2025-06-17T01:33:30","guid":{"rendered":"https:\/\/www.europesays.com\/fr\/182203\/"},"modified":"2025-06-17T01:33:30","modified_gmt":"2025-06-17T01:33:30","slug":"a-strasbourg-apero-geant-et-dj-sets-sinstallent-pendant-3-jours","status":"publish","type":"post","link":"https:\/\/www.europesays.com\/fr\/182203\/","title":{"rendered":"\u00e0 Strasbourg, ap\u00e9ro g\u00e9ant et DJ sets s\u2019installent pendant 3 jours !"},"content":{"rendered":"<p>    <img loading=\"lazy\" width=\"1800\" height=\"900\" src=\"https:\/\/www.europesays.com\/fr\/wp-content\/uploads\/2025\/04\/jeanne-callthepolice.jpg\" class=\"attachment-full size-full\" alt=\"\" id=\"imageLove\" decoding=\"async\"  \/><\/p>\n<p id=\"breadcrumbs\"><a href=\"https:\/\/pokaa.fr\/\" rel=\"nofollow noopener\" target=\"_blank\">Accueil<\/a> \/ <a href=\"https:\/\/pokaa.fr\/categories\/ses-sorties\/\" rel=\"nofollow noopener\" target=\"_blank\">Sorties<\/a> \/ Expo de la Bi\u00e8re : \u00e0 Strasbourg, ap\u00e9ro g\u00e9ant et DJ sets s\u2019installent pendant 3 jours !<\/p>\n<p>                    Sorties<\/p>\n<p><b>Quelle meilleure saison que celle des ap\u00e9ros ? Si ton truc, c\u2019est la petite mousse (qu\u2019elle soit blonde, brune ou rousse), un rendez-vous : l\u2019Expo de la Bi\u00e8re, le festival de la bi\u00e8re artisanale au Phare Citadelle. Du 27 au 29 juin, celle-ci paie sa 5\u00e8me tourn\u00e9e pendant trois jours avec : plus de 20 stands, des d\u00e9gustations, des animations, des DJ sets\u2026 Pour trinquer sur place et prendre \u00e0 emporter !\u00a0<\/b><\/p>\n<p><strong>C\u2019est qu\u2019on a une passion houblon \u00e0 Strasbourg.<\/strong> Preuve en est\u00a0: le succ\u00e8s de l\u2019Expo de la Bi\u00e8re, qui attend cette ann\u00e9e encore<b> 3000 assoiff\u00e9(e)s et autres gourmets<\/b>.<\/p>\n<p>Pour la \u00ab 5\u00e8me tourn\u00e9e \u00bb de ce festival de la bi\u00e8re artisanale, m\u00eame recette que les pr\u00e9c\u00e9dentes : un savant m\u00e9lange de d\u00e9gustations, de d\u00e9couvertes et d\u2019animations, dans une ambiance festive et conviviale.<\/p>\n<p>    <img width=\"800\" height=\"600\" src=\"https:\/\/www.europesays.com\/fr\/wp-content\/uploads\/2025\/06\/justune-800x600.jpeg\" class=\"attachment-image-size-L size-image-size-L\" alt=\"Expo de la bi\u00e8re\" decoding=\"async\" loading=\"lazy\"  \/>         Brasserie Just&rsquo;Une \u00e0 l&rsquo;Expo de la Bi\u00e8re (2024). \u00a9 Expo de la Bi\u00e8re \/ Document remis <\/p>\n<p>                <img width=\"667\" height=\"500\" src=\"https:\/\/www.europesays.com\/fr\/wp-content\/uploads\/2025\/06\/rni-films-img-531ed189-8e57-4d16-9565-5a10b96694a5-667x500.jpeg\" class=\"attachment-gallery size-gallery\" alt=\"Expo de la bi\u00e8re\" data-full-url=\"https:\/\/pokaa.fr\/wp-content\/uploads\/2025\/06\/12\/rni-films-img-531ed189-8e57-4d16-9565-5a10b96694a5.jpeg\" decoding=\"async\" loading=\"lazy\"  \/>            <\/p>\n<p>                <img width=\"667\" height=\"500\" src=\"https:\/\/www.europesays.com\/fr\/wp-content\/uploads\/2025\/06\/rni-films-img-1a6067b7-13c6-4287-8c45-c6a6dbcf576c-667x500.jpeg\" class=\"attachment-gallery size-gallery\" alt=\"Expo de la bi\u00e8re\" data-full-url=\"https:\/\/pokaa.fr\/wp-content\/uploads\/2025\/06\/12\/rni-films-img-1a6067b7-13c6-4287-8c45-c6a6dbcf576c.jpeg\" decoding=\"async\" loading=\"lazy\"  \/>            <\/p>\n<p>                    L&rsquo;\u00e9dition 2024. \u00a9 Expo de la Bi\u00e8re \/ Documents remis<\/p>\n<p>Chez qui trinquer\u00a0? 25 micro-brasseries\u00a0invit\u00e9es !<\/p>\n<p>Le principe de l\u2019Expo de la Bi\u00e8re\u00a0? Nous faire d\u00e9couvrir des p\u00e9pites, au d\u00e9tour d\u2019un stand. Pour cette \u00e9dition, elle aligne <b>25 brasseries artisanales, o\u00f9 tu pourras t\u2019arr\u00eater trinquer<\/b>.<\/p>\n<p><b>Du format testeurs (2cl) au galopin, jusqu\u2019au demi<\/b> : viens-y trouver ta meilleure bi\u00e8re. Une favorite ? Tu peux en ramener une chez toi, pour le prochain ap\u00e9ro.<\/p>\n<p>                <img width=\"667\" height=\"500\" src=\"https:\/\/www.europesays.com\/fr\/wp-content\/uploads\/2025\/06\/ambiance-expo-biere-9-667x500.jpeg\" class=\"attachment-gallery size-gallery\" alt=\"Expo de la bi\u00e8re\" data-full-url=\"https:\/\/pokaa.fr\/wp-content\/uploads\/2025\/06\/12\/ambiance-expo-biere-9.jpeg\" decoding=\"async\" loading=\"lazy\"  \/>            <\/p>\n<p>                <img width=\"667\" height=\"500\" src=\"https:\/\/www.europesays.com\/fr\/wp-content\/uploads\/2025\/06\/two-dudes-667x500.jpeg\" class=\"attachment-gallery size-gallery\" alt=\"Expo de la bi\u00e8re\" data-full-url=\"https:\/\/pokaa.fr\/wp-content\/uploads\/2025\/06\/12\/two-dudes.jpeg\" decoding=\"async\" loading=\"lazy\"  \/>            <\/p>\n<p>                <img width=\"667\" height=\"500\" src=\"https:\/\/www.europesays.com\/fr\/wp-content\/uploads\/2025\/06\/ellipsys-667x500.jpeg\" class=\"attachment-gallery size-gallery\" alt=\"Expo de la bi\u00e8re\" data-full-url=\"https:\/\/pokaa.fr\/wp-content\/uploads\/2025\/06\/12\/ellipsys.jpeg\" decoding=\"async\" loading=\"lazy\"  \/>            <\/p>\n<p>                    L&rsquo;\u00e9dition 2024. \u00a9 Expo de la Bi\u00e8re \/ Documents remis<\/p>\n<p>    <img width=\"800\" height=\"600\" src=\"https:\/\/www.europesays.com\/fr\/wp-content\/uploads\/2025\/06\/grillen-800x600.jpeg\" class=\"attachment-image-size-L size-image-size-L\" alt=\"Expo de la bi\u00e8re\" decoding=\"async\" loading=\"lazy\"  \/>         Brasserie du Grillen \u00e0 l&rsquo;Expo de la Bi\u00e8re (2024). \u00a9 Expo de la Bi\u00e8re \/ Document remis <\/p>\n<p>Et on y trouvera quoi\u00a0? Des <b>micro-brasseries strasbourgeoises ou alsaciennes<\/b> comme la Roue Libre, Overground Brewing, Aube, La Fondation, Taal, Les Intenables\u2026 <b>Ou nationales<\/b>, issues des quatre coins de la France. Et pour repr\u00e9senter la diversit\u00e9 de Strasbourg\u00a0: <b>quelques bars \u00e0 bi\u00e8re de la ville<\/b> tels que Le Meteor, Les BerThoM, Le Tigre, Quai de l\u2019Ill ou l\u2019Acad\u00e9mie de la Bi\u00e8re.<\/p>\n<p>Pour compl\u00e9ter la carte : un stand de Gin To\u2019 by Leostillerie et un de cidre avec la Cidrerie De Reillon.<\/p>\n<p>    <img width=\"800\" height=\"600\" src=\"https:\/\/www.europesays.com\/fr\/wp-content\/uploads\/2025\/06\/ambiance-expo-biere2-800x600.jpeg\" class=\"attachment-image-size-L size-image-size-L\" alt=\"Expo de la bi\u00e8re\" decoding=\"async\" loading=\"lazy\"  \/>         Village des food trucks \u00e0 l&rsquo;Expo de la Bi\u00e8re (2024). \u00a9 Expo de la Bi\u00e8re \/ Document remis <\/p>\n<p>Quant \u00e0 accompagner ton lever de coude\u00a0? Tout<b> un village de street food<\/b> ! Avec : Kantina (saveurs m\u00e9diterran\u00e9ennes), Piadina Verde (pour un bout d\u2019Italie), La Flamb\u00e9e d\u2019Alex (pour des TF), la Breizh Mobile pour des cr\u00eapes et Mon Petit Go\u00fbter, pour une pause sucr\u00e9e. Ainsi qu\u2019un stand de planchettes fromages et charcuterie.<\/p>\n<p>Des animations \u00e0 consommer sans mod\u00e9ration<\/p>\n<p>Sur ces trois jours, l\u2019Expo de la Bi\u00e8re compte bien t\u2019occuper sans te saouler.<\/p>\n<p>D\u00e9j\u00e0 : en installant un <strong>c<\/strong><b>orner jeux de soci\u00e9t\u00e9<\/b> (anim\u00e9 par le bar strasbourgeois la Baraka Jeux), du <b>beer pong<\/b> et des<b> DJ sets<\/b>. <b>Plus insolite encore ? Le concours de bras de fer sportif<\/b>, o\u00f9 s\u2019inscrire pour se faire mousser aupr\u00e8s des potes et de la mif\u2019. Une discipline reconnue, affili\u00e9e au minist\u00e8re des Sports depuis 2019 (via la F\u00e9d\u00e9ration Fran\u00e7aise de Force).<\/p>\n<p>                <img width=\"667\" height=\"500\" src=\"https:\/\/www.europesays.com\/fr\/wp-content\/uploads\/2025\/06\/ambiance-expo-biere-6-667x500.jpeg\" class=\"attachment-gallery size-gallery\" alt=\"Expo de la bi\u00e8re\" data-full-url=\"https:\/\/pokaa.fr\/wp-content\/uploads\/2025\/06\/12\/ambiance-expo-biere-6.jpeg\" decoding=\"async\" loading=\"lazy\"  \/>            <\/p>\n<p>                <img width=\"667\" height=\"500\" src=\"https:\/\/www.europesays.com\/fr\/wp-content\/uploads\/2025\/06\/ambiance-expo-biere-5-667x500.jpeg\" class=\"attachment-gallery size-gallery\" alt=\"Expo de la bi\u00e8re\" data-full-url=\"https:\/\/pokaa.fr\/wp-content\/uploads\/2025\/06\/12\/ambiance-expo-biere-5.jpeg\" decoding=\"async\" loading=\"lazy\"  \/>            <\/p>\n<p>                <img width=\"667\" height=\"500\" src=\"https:\/\/www.europesays.com\/fr\/wp-content\/uploads\/2025\/06\/ambiance-expo-biere-667x500.jpeg\" class=\"attachment-gallery size-gallery\" alt=\"Expo de la bi\u00e8re\" data-full-url=\"https:\/\/pokaa.fr\/wp-content\/uploads\/2025\/06\/12\/ambiance-expo-biere.jpeg\" decoding=\"async\" loading=\"lazy\"  \/>            <\/p>\n<p>                    L&rsquo;\u00e9dition 2024. \u00a9 Expo de la Bi\u00e8re \/ Documents remis<\/p>\n<p>    <img width=\"800\" height=\"600\" src=\"https:\/\/www.europesays.com\/fr\/wp-content\/uploads\/2025\/06\/ambiance-expo-biere-4-800x600.jpeg\" class=\"attachment-image-size-L size-image-size-L\" alt=\"Expo de la bi\u00e8re\" decoding=\"async\" loading=\"lazy\"  \/>         L&rsquo;\u00e9dition 2024. \u00a9 Expo de la Bi\u00e8re \/ Document remis <\/p>\n<p>Et pour repartir plus expert(e) qu\u2019\u00e0 l\u2019arriv\u00e9e\u00a0? Des<b> ateliers de bi\u00e9rologie<\/b> anim\u00e9s par Marie-Emmanuelle Berdah, zythologue professionnelle et fondatrice de l\u2019association Les Buveuses de Bi\u00e8re et de la soci\u00e9t\u00e9 Craftology. Ou encore des ateliers<b>\u00a0<\/b>de<b> \u00ab food pairing \u00bb<\/b><b>, pour apprendre \u00e0 associer la bi\u00e8re avec le fromage, le chocolat ou m\u00eame le caf\u00e9\u00a0!<\/b><\/p>\n<p>Ensuite, gr\u00e2ce \u00e0 des interventions de sp\u00e9cialistes autour de la bi\u00e8re, \u00ab autour de la stammtisch \u00bb ; ou lors de la <b>projection du documentaire <\/b><a href=\"https:\/\/youtu.be\/CYakI5yR39s?feature=shared\" target=\"_blank\" rel=\"noopener nofollow\"><b>De l\u2019\u00c9pi au Demi<\/b><\/a>, pr\u00e9sent\u00e9 par Les Films de l\u2019Europe.<\/p>\n<\/p>\n<p><strong>Plus qu\u2019une boisson : une passion, un art strasbourgeois.<\/strong> Alors si les animations sont \u00e0 consommer sans mod\u00e9ration, il en est moins de la bi\u00e8re\u2026 On te rappelle donc d\u2019y aller mollo sur l\u2019ap\u00e9ro car l\u2019abus d\u2019alcool est dangereux pour la sant\u00e9.<\/p>\n<p>            Expo de la Bi\u00e8re \u2013 5\u00e8me tourn\u00e9e<\/p>\n<p>            Quoi ? <\/p>\n<p>Festival de la bi\u00e8re artisanale avec 25 brasseries invit\u00e9es, ateliers, animations, etc.<\/p>\n<p>                Quand ?<\/p>\n<p>Du vendredi 27 au dimanche 29 juin<br \/>(Vendredi de 17h \u00e0 minuit, samedi de 16h \u00e0 minuit, et dimanche de 12h \u00e0 18h)<\/p>\n<p>            o\u00f9 ?<\/p>\n<p>Au Phare Citadelle, 13 rue de Nantes, \u00e0 Strasbourg<\/p>\n<p>                Plus d&rsquo;infos ?<\/p>\n<p><a href=\"https:\/\/www.instagram.com\/expobiere_strasbourg\/\" target=\"_blank\" rel=\"noopener nofollow\">Infos sur l\u2019Instagram de l\u2019Expo de la Bi\u00e8re<\/a><br \/><a href=\"https:\/\/fb.me\/e\/6jAOUEDd2\" target=\"_blank\" rel=\"noopener nofollow\">L\u2019\u00e9v\u00e9nement Facebook<\/a><br \/><a href=\"https:\/\/www.billetweb.fr\/expo-de-la-biere\" target=\"_blank\" rel=\"noopener nofollow\">Billetterie<\/a> \/ Entr\u00e9e : 7\u20ac (inclus : un ecocup logot\u00e9 et des bretzels ap\u00e9ritives Ancel)<\/p>\n<p><script async src=\"\/\/www.instagram.com\/embed.js\"><\/script><\/p>\n","protected":false},"excerpt":{"rendered":"Accueil \/ Sorties \/ Expo de la Bi\u00e8re : \u00e0 Strasbourg, ap\u00e9ro g\u00e9ant et DJ sets s\u2019installent pendant&hellip;\n","protected":false},"author":2,"featured_media":182204,"comment_status":"","ping_status":"","sticky":false,"template":"","format":"standard","meta":{"footnotes":""},"categories":[2820],"tags":[1111,11,4763,11419,7722,4462,1777,674,32003,1011,27,1661,775,4555,12,26351,25,640,4064],"class_list":{"0":"post-182203","1":"post","2":"type-post","3":"status-publish","4":"format-standard","5":"has-post-thumbnail","7":"category-strasbourg","8":"tag-actu","9":"tag-actualites","10":"tag-agenda","11":"tag-apero","12":"tag-biere","13":"tag-degustation","14":"tag-eu","15":"tag-europe","16":"tag-expo-de-la-biere","17":"tag-fr","18":"tag-france","19":"tag-gastronomie","20":"tag-grand-est","21":"tag-local","22":"tag-news","23":"tag-phare-citadelle","24":"tag-republique-francaise","25":"tag-strasbourg","26":"tag-week-end"},"share_on_mastodon":{"url":"https:\/\/pubeurope.com\/@fr\/114696133831323481","error":""},"_links":{"self":[{"href":"https:\/\/www.europesays.com\/fr\/wp-json\/wp\/v2\/posts\/182203","targetHints":{"allow":["GET"]}}],"collection":[{"href":"https:\/\/www.europesays.com\/fr\/wp-json\/wp\/v2\/posts"}],"about":[{"href":"https:\/\/www.europesays.com\/fr\/wp-json\/wp\/v2\/types\/post"}],"author":[{"embeddable":true,"href":"https:\/\/www.europesays.com\/fr\/wp-json\/wp\/v2\/users\/2"}],"replies":[{"embeddable":true,"href":"https:\/\/www.europesays.com\/fr\/wp-json\/wp\/v2\/comments?post=182203"}],"version-history":[{"count":0,"href":"https:\/\/www.europesays.com\/fr\/wp-json\/wp\/v2\/posts\/182203\/revisions"}],"wp:featuredmedia":[{"embeddable":true,"href":"https:\/\/www.europesays.com\/fr\/wp-json\/wp\/v2\/media\/182204"}],"wp:attachment":[{"href":"https:\/\/www.europesays.com\/fr\/wp-json\/wp\/v2\/media?parent=182203"}],"wp:term":[{"taxonomy":"category","embeddable":true,"href":"https:\/\/www.europesays.com\/fr\/wp-json\/wp\/v2\/categories?post=182203"},{"taxonomy":"post_tag","embeddable":true,"href":"https:\/\/www.europesays.com\/fr\/wp-json\/wp\/v2\/tags?post=182203"}],"curies":[{"name":"wp","href":"https:\/\/api.w.org\/{rel}","templated":true}]}}