{"id":182205,"date":"2025-06-17T01:35:12","date_gmt":"2025-06-17T01:35:12","guid":{"rendered":"https:\/\/www.europesays.com\/fr\/182205\/"},"modified":"2025-06-17T01:35:12","modified_gmt":"2025-06-17T01:35:12","slug":"le-prefet-des-alpes-maritimes-demande-le-retrait-du-drapeau-israelien-de-la-mairie-de-nice-3","status":"publish","type":"post","link":"https:\/\/www.europesays.com\/fr\/182205\/","title":{"rendered":"Le pr\u00e9fet des Alpes-Maritimes demande le retrait du drapeau isra\u00e9lien de la mairie de Nice"},"content":{"rendered":"<p>Le pr\u00e9fet des Alpes-Maritimes, Laurent Hottiaux, a demand\u00e9 lundi au maire de Nice, Christian Estrosi (Horizons), de retirer <a href=\"https:\/\/www.ouest-france.fr\/monde\/israel\/\" target=\"_self\" rel=\"noopener\">le drapeau isra\u00e9lien<\/a> du fronton de la mairie<strong> \u00ab\u00a0au nom du principe de neutralit\u00e9 du service public\u00a0\u00bb,<\/strong> a-t-on appris aupr\u00e8s de la pr\u00e9fecture.<\/p>\n<p>Arriv\u00e9 \u00e0 son poste il y a un mois, Laurent Hottiaux a adress\u00e9 un courrier \u00e0 Christian Estrosi lundi, et pr\u00e9pare une circulaire pour tous les maires du d\u00e9partement, pour exprimer son opposition \u00e0 tout drapeau \u00e9tranger, quel qu\u2019il soit, dans les mairies.<\/p>\n<p>Le drapeau isra\u00e9lien flotte sur le fronton de la mairie de Nice depuis <a href=\"https:\/\/www.ouest-france.fr\/monde\/israel\/cartes-gaza-7-octobre-recit-jour-meurtrier-histoire-israel\/\" target=\"_self\" rel=\"noopener\">les attaques du 7\u00a0octobre 2023 en Isra\u00ebl,<\/a> et Christian Estrosi s\u2019est engag\u00e9 \u00e0 l\u2019y laisser tant qu\u2019il resterait des otages du Hamas \u00e0 Gaza.<\/p>\n<p>Plusieurs recours devant le tribunal administratif<\/p>\n<p><strong>\u00ab\u00a0J\u2019ai pris des engagements face aux Ni\u00e7ois\u00a0\u00bb,<\/strong> a r\u00e9agi Christian Estrosi dans la soir\u00e9e. <strong>\u00ab\u00a0Je continuerai jusqu\u2019au bout \u00e0 mettre mon \u00e9nergie contre toutes les formes d\u2019antis\u00e9mitisme et d\u2019antisionisme\u00a0\u00bb.<\/strong><\/p>\n<p>Il a rappel\u00e9 que plusieurs recours avaient d\u00e9j\u00e0 \u00e9t\u00e9 d\u00e9pos\u00e9s devant le tribunal administratif pour r\u00e9clamer ce retrait.<\/p>\n<p>Pour l\u2019instant, le tribunal n\u2019a rendu qu\u2019une seule d\u00e9cision, en rejetant fin mai\u00a02024<strong> \u00ab\u00a0pour d\u00e9faut d\u2019urgence\u00a0\u00bb<\/strong> un recours en r\u00e9f\u00e9r\u00e9 d\u00e9pos\u00e9 par trois citoyens ni\u00e7ois anonymes.<\/p>\n<p>Depuis fin 2023, des manifestations quasi-hebdomadaires pro-palestiniennes ont \u00e9t\u00e9 organis\u00e9es \u00e0 Nice avec comme point de ralliement la mairie o\u00f9 le drapeau isra\u00e9lien hiss\u00e9 sur le fronton de la mairie concentre les crispations. Les manifestants r\u00e9clament \u00e0 chaque fois que puisse flotter le drapeau palestinien dans la ville.<\/p>\n<p>Un drapeau palestinien sur le parvis de la mairie de\u00a0Gennevilliers<\/p>\n<p>En r\u00e9gion parisienne, la pr\u00e9fecture des Hauts-de-Seine a demand\u00e9 vendredi, d\u00e9j\u00e0 au nom du principe de neutralit\u00e9 des services publics, le retrait du drapeau palestinien hiss\u00e9 sur le parvis de l\u2019h\u00f4tel de ville de Gennevilliers.<\/p>\n<p>Le maire de la commune, Patrice Leclerc (PCF), a d\u00e9nonc\u00e9 sur son compte X un <strong>\u00ab\u00a0deux poids deux mesures\u00a0\u00bb,<\/strong> s\u2019\u00e9tonnant de n\u2019avoir pas re\u00e7u de demande de retrait lors d\u2019un pavoisement similaire avec le drapeau ukrainien en f\u00e9vrier\u00a02022, et du silence de la pr\u00e9fecture des Alpes-Maritimes depuis 18\u00a0mois sur le cas de Nice.<\/p>\n<p>\u00a0<\/p>\n","protected":false},"excerpt":{"rendered":"Le pr\u00e9fet des Alpes-Maritimes, Laurent Hottiaux, a demand\u00e9 lundi au maire de Nice, Christian Estrosi (Horizons), de retirer&hellip;\n","protected":false},"author":2,"featured_media":182095,"comment_status":"","ping_status":"","sticky":false,"template":"","format":"standard","meta":{"footnotes":""},"categories":[2819],"tags":[1111,11,2898,7650,12159,1777,674,1011,27,31988,5415,12,2401,14583,882,3086,25,29622],"class_list":{"0":"post-182205","1":"post","2":"type-post","3":"status-publish","4":"format-standard","5":"has-post-thumbnail","7":"category-nice","8":"tag-actu","9":"tag-actualites","10":"tag-alpes-maritimes","11":"tag-demande","12":"tag-drapeau","13":"tag-eu","14":"tag-europe","15":"tag-fr","16":"tag-france","17":"tag-israelien","18":"tag-mairie","19":"tag-news","20":"tag-nice","21":"tag-prefet","22":"tag-provence-alpes-cote-dazur","23":"tag-redon","24":"tag-republique-francaise","25":"tag-retrait"},"share_on_mastodon":{"url":"https:\/\/pubeurope.com\/@fr\/114696141151587037","error":""},"_links":{"self":[{"href":"https:\/\/www.europesays.com\/fr\/wp-json\/wp\/v2\/posts\/182205","targetHints":{"allow":["GET"]}}],"collection":[{"href":"https:\/\/www.europesays.com\/fr\/wp-json\/wp\/v2\/posts"}],"about":[{"href":"https:\/\/www.europesays.com\/fr\/wp-json\/wp\/v2\/types\/post"}],"author":[{"embeddable":true,"href":"https:\/\/www.europesays.com\/fr\/wp-json\/wp\/v2\/users\/2"}],"replies":[{"embeddable":true,"href":"https:\/\/www.europesays.com\/fr\/wp-json\/wp\/v2\/comments?post=182205"}],"version-history":[{"count":0,"href":"https:\/\/www.europesays.com\/fr\/wp-json\/wp\/v2\/posts\/182205\/revisions"}],"wp:featuredmedia":[{"embeddable":true,"href":"https:\/\/www.europesays.com\/fr\/wp-json\/wp\/v2\/media\/182095"}],"wp:attachment":[{"href":"https:\/\/www.europesays.com\/fr\/wp-json\/wp\/v2\/media?parent=182205"}],"wp:term":[{"taxonomy":"category","embeddable":true,"href":"https:\/\/www.europesays.com\/fr\/wp-json\/wp\/v2\/categories?post=182205"},{"taxonomy":"post_tag","embeddable":true,"href":"https:\/\/www.europesays.com\/fr\/wp-json\/wp\/v2\/tags?post=182205"}],"curies":[{"name":"wp","href":"https:\/\/api.w.org\/{rel}","templated":true}]}}