{"id":182207,"date":"2025-06-17T01:37:35","date_gmt":"2025-06-17T01:37:35","guid":{"rendered":"https:\/\/www.europesays.com\/fr\/182207\/"},"modified":"2025-06-17T01:37:35","modified_gmt":"2025-06-17T01:37:35","slug":"lere-kombouare-terminee-luis-castro-arrive-a-nantes-pour-relever-le-club","status":"publish","type":"post","link":"https:\/\/www.europesays.com\/fr\/182207\/","title":{"rendered":"l\u2019\u00e8re Kombouar\u00e9 termin\u00e9e, Luis Castro arrive \u00e0 Nantes pour relever le club"},"content":{"rendered":"<p>Ce lundi, le Portugais Luis Castro a \u00e9t\u00e9 officialis\u00e9 comme nouvel entra\u00eeneur du FC Nantes.<\/p>\n<p class=\"fig-paragraph\">Le\u00a0<a href=\"http:\/\/www.lefigaro.fr\/sports\/football\/transferts\/mercato-nicolas-pallois-va-quitter-le-fc-nantes-20250611\" data-fig-type=\"NewsFlash\" data-gtm-custom-categorie=\"navigation\" data-gtm-custom-action=\"crossclick\" data-gtm-custom-label=\"Contextuel\" data-gtm-event=\"customEventSPE\" data-fig-domain=\"LEFIGARO\" target=\"_blank\" rel=\"noopener\">FC Nantes<\/a>\u00a0a confirm\u00e9 lundi l&rsquo;arriv\u00e9e, comme entra\u00eeneur, du Portugais Luis Castro pour deux saisons, plus une en option, en provenance de l&rsquo;USL Dunkerque (L2). La semaine derni\u00e8re, les Canaris avaient trouv\u00e9 un accord financier pour lib\u00e9rer le technicien des deux ann\u00e9es de contrat qu&rsquo;il lui restait avec l&rsquo;\u00e9quipe nordiste qu&rsquo;il avait amen\u00e9 \u00e0 une 4e place en L2 et \u00e0 une demi-finale de Coupe de France la saison derni\u00e8re.<\/p>\n<p class=\"fig-paragraph\">Alors que Dunkerque r\u00e9clamait initialement 2 millions d&rsquo;euros, les deux clubs s&rsquo;\u00e9taient entendus sur une indemnit\u00e9 de 750.000 euros, avait indiqu\u00e9 une source proche du club jaune et vert, \u00e0 l&rsquo;AFP. \u00c2g\u00e9 de 45 ans, Castro n&rsquo;a pas eu de carri\u00e8re de joueur professionnel mais il a fait essentiellement ses gammes aupr\u00e8s d&rsquo;\u00e9quipes de jeunes au Portugal.<\/p>\n<p class=\"fig-paragraph\">Il s&rsquo;\u00e9tait fait surtout remarquer avec les U19 de Benfica avec qui il avait remport\u00e9 le championnat du Portugal, la Youth League &#8212; \u00e9quivalent de la Ligue des champions pour les jeunes &#8212; et la Coupe interncontinentale en 2022. R\u00e9put\u00e9 pour faire pratiquer un jeu offensif et s\u00e9duisant \u00e0 ses \u00e9quipes, Castro aura une lourde t\u00e2che \u00e0 Nantes qui a d\u00fb lutter pour se maintenir dans l&rsquo;\u00e9lite lors de quatre des cinq derni\u00e8res saisons.<\/p>\n<p class=\"fig-paragraph\">La saison derni\u00e8re, Nantes avait m\u00eame d\u00fb attendre la derni\u00e8re journ\u00e9e pour \u00eatre certain d&rsquo;\u00e9chapper \u00e0 la rel\u00e9gation, apr\u00e8s une saison marqu\u00e9e par un jeu soporifique sous la houlette d&rsquo;Antoine Kombouar\u00e9.<\/p>\n<p class=\"fig-paragraph\">Son exp\u00e9rience dans le d\u00e9veloppement des jeunes joueurs correspond aussi \u00e0 l&rsquo;ADN historique du FC Nantes dont le centre de formation continue de d\u00e9velopper des jeunes prometteurs.<\/p>\n","protected":false},"excerpt":{"rendered":"Ce lundi, le Portugais Luis Castro a \u00e9t\u00e9 officialis\u00e9 comme nouvel entra\u00eeneur du FC Nantes. Le\u00a0FC Nantes\u00a0a confirm\u00e9&hellip;\n","protected":false},"author":2,"featured_media":182208,"comment_status":"","ping_status":"","sticky":false,"template":"","format":"standard","meta":{"footnotes":""},"categories":[2818],"tags":[1111,11,525,1981,814,1777,674,462,2257,63,1011,27,3309,66,1307,955,766,12,1176,978,2636,93,25,1980],"class_list":{"0":"post-182207","1":"post","2":"type-post","3":"status-publish","4":"format-standard","5":"has-post-thumbnail","7":"category-nantes","8":"tag-actu","9":"tag-actualites","10":"tag-calendrier","11":"tag-classement","12":"tag-direct","13":"tag-eu","14":"tag-europe","15":"tag-fc-nantes","16":"tag-foot","17":"tag-football","18":"tag-fr","19":"tag-france","20":"tag-l1","21":"tag-ligue-1","22":"tag-lille","23":"tag-match","24":"tag-nantes","25":"tag-news","26":"tag-olympique-de-marseille","27":"tag-olympique-lyonnais","28":"tag-pays-de-la-loire","29":"tag-psg","30":"tag-republique-francaise","31":"tag-resultats"},"share_on_mastodon":{"url":"https:\/\/pubeurope.com\/@fr\/114696148977412829","error":""},"_links":{"self":[{"href":"https:\/\/www.europesays.com\/fr\/wp-json\/wp\/v2\/posts\/182207","targetHints":{"allow":["GET"]}}],"collection":[{"href":"https:\/\/www.europesays.com\/fr\/wp-json\/wp\/v2\/posts"}],"about":[{"href":"https:\/\/www.europesays.com\/fr\/wp-json\/wp\/v2\/types\/post"}],"author":[{"embeddable":true,"href":"https:\/\/www.europesays.com\/fr\/wp-json\/wp\/v2\/users\/2"}],"replies":[{"embeddable":true,"href":"https:\/\/www.europesays.com\/fr\/wp-json\/wp\/v2\/comments?post=182207"}],"version-history":[{"count":0,"href":"https:\/\/www.europesays.com\/fr\/wp-json\/wp\/v2\/posts\/182207\/revisions"}],"wp:featuredmedia":[{"embeddable":true,"href":"https:\/\/www.europesays.com\/fr\/wp-json\/wp\/v2\/media\/182208"}],"wp:attachment":[{"href":"https:\/\/www.europesays.com\/fr\/wp-json\/wp\/v2\/media?parent=182207"}],"wp:term":[{"taxonomy":"category","embeddable":true,"href":"https:\/\/www.europesays.com\/fr\/wp-json\/wp\/v2\/categories?post=182207"},{"taxonomy":"post_tag","embeddable":true,"href":"https:\/\/www.europesays.com\/fr\/wp-json\/wp\/v2\/tags?post=182207"}],"curies":[{"name":"wp","href":"https:\/\/api.w.org\/{rel}","templated":true}]}}