{"id":182217,"date":"2025-06-17T01:43:23","date_gmt":"2025-06-17T01:43:23","guid":{"rendered":"https:\/\/www.europesays.com\/fr\/182217\/"},"modified":"2025-06-17T01:43:23","modified_gmt":"2025-06-17T01:43:23","slug":"neuf-passeurs-presumes-juges-depuis-ce-lundi-pour-un-naufrage-meurtrier-de-migrants-dans-la","status":"publish","type":"post","link":"https:\/\/www.europesays.com\/fr\/182217\/","title":{"rendered":"Neuf passeurs pr\u00e9sum\u00e9s jug\u00e9s depuis ce lundi pour un naufrage meurtrier de migrants dans la"},"content":{"rendered":"<p>Neuf hommes, de nationalit\u00e9 afghane et kurde, sont jug\u00e9s depuis ce lundi 16\u00a0juin 2025 et jusqu\u2019au vendredi 20\u00a0juin pour leur r\u00f4le pr\u00e9sum\u00e9 de passeurs dans le <a href=\"https:\/\/boulognesurmer.maville.com\/actu\/actudet_-migrants-une-association-porte-plainte-apres-un-naufrage-meurtrier-dans-la-manche-fin-2022-_10-6146795_actu.Htm\" target=\"_blank\" rel=\"noopener\">naufrage d\u2019une embarcation clandestine<\/a>, qui avait fait quatre morts et quatre disparus dans la Manche, en d\u00e9cembre\u00a02022.<\/p>\n<p>Dix personnes \u00e9taient renvoy\u00e9es devant la Juridiction interr\u00e9gionale sp\u00e9cialis\u00e9e (Jirs) dans ce dossier, mais ils sont finalement huit dans le box des accus\u00e9s. Un pr\u00e9venu, absent et toujours sous le coup d\u2019un mandat d\u2019arr\u00eat, est jug\u00e9 par d\u00e9faut. Le dixi\u00e8me, d\u00e9tenu en Belgique, sera jug\u00e9 ult\u00e9rieurement, a d\u00e9cid\u00e9 le tribunal ce lundi, selon l\u2019Agence France-Presse (AFP).<\/p>\n<p>Les pr\u00e9venus, \u00e2g\u00e9s de 22 \u00e0 40\u00a0ans, sont accus\u00e9s d\u2019avoir fourni \u00e0 des candidats \u00e0 l\u2019exil<strong> \u00ab\u00a0un \u201csmall boat\u201d (petite embarcation) de faible qualit\u00e9, surcharg\u00e9 et d\u00e9pourvu de gilet de sauvetage pour l\u2019ensemble des participants\u00a0\u00bb<\/strong>, a rappel\u00e9 la pr\u00e9sidente du tribunal.<\/p>\n<p><strong>Lire aussi\u00a0:<\/strong> <a href=\"https:\/\/rennes.maville.com\/actu\/actudet_-naufrages-de-migrants-dans-la-manche-trois-graphiques-pour-comprendre-ces-drames-depuis-dix-ans-_12248-6446183_actu.Htm\" target=\"_blank\" rel=\"noopener\">Naufrages de migrants dans la Manche\u00a0: trois graphiques pour comprendre ces drames depuis dix ans<\/a><\/p>\n<p>Quatre morts et quatre disparus<\/p>\n<p>La nuit du 13 au 14\u00a0d\u00e9cembre 2022, un canot, parti entre 1\u00a0h et 1\u00a0h\u00a030, transportant en majorit\u00e9 des migrants afghans, avait fait naufrage \u00e0 quelques kilom\u00e8tres des c\u00f4tes anglaises. Entre <strong>\u00ab\u00a043 et 47\u00a0personnes\u00a0\u00bb<\/strong> avaient pris place sur l\u2019embarcation clandestine, et <strong>\u00ab\u00a0huit ont perdu la vie au large des c\u00f4tes anglaises\u00a0\u00bb<\/strong>, a r\u00e9sum\u00e9 la magistrate.<\/p>\n<p>Parmi les personnes \u00e0 bord, certaines sont rep\u00each\u00e9es in extremis <strong>\u00ab\u00a0dans l\u2019eau, conscientes, et transport\u00e9es en urgence pour des soins m\u00e9dicaux\u00a0\u00bb<\/strong>. La pr\u00e9fecture maritime fait \u00e9tat de <strong>\u00ab\u00a039\u00a0migrants\u00a0\u00bb<\/strong>, originaires d\u2019Afghanistan, Albanie, Inde, S\u00e9n\u00e9gal, sauv\u00e9s par les secours fran\u00e7ais et anglais, parmi lesquels<strong> \u00ab\u00a0huit mineurs\u00a0\u00bb<\/strong>, a rappel\u00e9 la magistrate.<\/p>\n<p><strong>\u00ab\u00a0Quatre corps sans vie ont \u00e9t\u00e9 retrouv\u00e9s, quatre personnes ont \u00e9galement \u00e9t\u00e9 port\u00e9es disparues, leur corps n\u2019a pas \u00e9t\u00e9 retrouv\u00e9\u00a0\u00bb<\/strong>, a soulign\u00e9 la pr\u00e9sidente. Seul un des morts a \u00e9t\u00e9 identifi\u00e9, un homme <strong>\u00ab\u00a0venu d\u2019Afghanistan\u00a0\u00bb<\/strong>.<\/p>\n<p>Un bruit de crevaison<\/p>\n<p>Dans la salle, des \u00e9crans affichent une carte de la Manche localisant le naufrage. La m\u00eame nuit, sept autres d\u00e9parts d\u2019embarcations clandestines avaient \u00e9t\u00e9 d\u00e9nombr\u00e9s.<\/p>\n<p>Sur le banc, les pr\u00e9venus, chemises et vestes claires et grises, \u00e9coutent attentivement la lecture des faits, traduits par leurs interpr\u00e8tes en kurde et pachto, une des langues afghanes.<\/p>\n<p>Selon les \u00e9l\u00e9ments de l\u2019enqu\u00eate, alors que les migrants gonflaient le bateau avant le d\u00e9part, plusieurs ont entendu une d\u00e9tonation, synonyme selon eux de crevaison. Les passeurs leur ont dit de ne pas s\u2019en faire, qu\u2019il s\u2019agissait du seul bateau disponible.<\/p>\n<p>Une mer glaciale<\/p>\n<p>D\u2019apr\u00e8s les t\u00e9moignages des rescap\u00e9s, il n\u2019y avait pas assez de gilets de sauvetage pour tout le monde et aucune des personnes d\u00e9c\u00e9d\u00e9es n\u2019en portait un. La nuit du naufrage, la temp\u00e9rature \u00e9tait glaciale, une mer tr\u00e8s agit\u00e9e \u00e0 10-11 \u00b0C, avec, selon les enqu\u00eateurs, des <strong>\u00ab\u00a0risques d\u2019hypothermie estim\u00e9s \u00e0 quatre minutes\u00a0\u00bb<\/strong>.<\/p>\n<p>Apr\u00e8s une ou deux heures de travers\u00e9e, un boudin a commenc\u00e9 \u00e0 se d\u00e9gonfler et l\u2019eau \u00e0 entrer dans l\u2019embarcation, jusqu\u2019\u00e0 atteindre les genoux des passagers. Paniqu\u00e9s, ils se sont mis debout pour faire signe \u00e0 un bateau. Mais le fond du canot, peu solide, a ploy\u00e9 sous leur poids et celui de l\u2019eau, et tous se sont retrouv\u00e9s \u00e0 l\u2019eau. Le mineur s\u00e9n\u00e9galais qui pilotait l\u2019embarcation est, lui, inculp\u00e9 dans une proc\u00e9dure au Royaume-Uni.<\/p>\n<p>Les pr\u00e9venus sont poursuivis pour \u00ab\u00a0traite d\u2019\u00eatre humains\u00a0\u00bb, \u00ab\u00a0homicide involontaire par violation d\u2019une obligation de s\u00e9curit\u00e9\u00a0\u00bb, \u00ab\u00a0mise en danger d\u2019autrui\u00a0\u00bb, ou \u00ab\u00a0aide au s\u00e9jour irr\u00e9gulier\u00a0\u00bb.<\/p>\n<p>Certains sont soup\u00e7onn\u00e9s d\u2019avoir recrut\u00e9 des passeurs et assur\u00e9 la logistique aupr\u00e8s des passagers, d\u2019autres d\u2019avoir g\u00e9r\u00e9 l\u2019organisation sur le camp de migrants de Loon-Plage (Nord).<\/p>\n<p>Au moins 15\u00a0d\u00e9c\u00e8s dans la Manche depuis le d\u00e9but de l\u2019ann\u00e9e<\/p>\n<p>Apparu en 2018, le ph\u00e9nom\u00e8ne des travers\u00e9es de la Manche en petites embarcations clandestines est \u00e0 l\u2019origine de nombreux naufrages. Le plus meurtrier a co\u00fbt\u00e9 la vie \u00e0 27\u00a0personnes en novembre\u00a02021.<\/p>\n<p>Signe que le ph\u00e9nom\u00e8ne ne faiblit pas malgr\u00e9 d\u2019importants d\u00e9ploiements policiers, plusieurs embarcations clandestines ont pris la mer depuis le littoral fran\u00e7ais \u00e0 l\u2019aube ce lundi, dont une transportant des dizaines de personnes venues d\u2019Afrique, a constat\u00e9 l\u2019AFP.<\/p>\n<p>Deux hommes ont \u00e9t\u00e9 tu\u00e9s par balle, dont un Soudanais de 24\u00a0ans, et un autre tr\u00e8s gri\u00e8vement bless\u00e9 lors de deux incidents distincts durant le week-end <a href=\"https:\/\/dunkerque.maville.com\/actu\/actudet_-nouveaux-echanges-de-tirs-dans-un-camp-de-migrants-du-nord-de-la-france-un-mort-et-un-blesse-grave-_12679-6855007_actu.Htm\" target=\"_blank\" rel=\"noopener\">pr\u00e8s d\u2019un camp de migrants du Dunkerquois<\/a>.<\/p>\n<p>Depuis le d\u00e9but de l\u2019ann\u00e9e, au moins 15\u00a0migrants sont d\u00e9c\u00e9d\u00e9s dans la Manche, selon un d\u00e9compte de l\u2019AFP \u00e0 partir de chiffres officiels. En 2024, 78\u00a0\u00e9taient morts ainsi, un record.<\/p>\n<p>\u00a0<\/p>\n","protected":false},"excerpt":{"rendered":"Neuf hommes, de nationalit\u00e9 afghane et kurde, sont jug\u00e9s depuis ce lundi 16\u00a0juin 2025 et jusqu\u2019au vendredi 20\u00a0juin&hellip;\n","protected":false},"author":2,"featured_media":182218,"comment_status":"","ping_status":"","sticky":false,"template":"","format":"standard","meta":{"footnotes":""},"categories":[2815],"tags":[1111,11,1777,674,1011,27,811,11515,1307,9865,14653,32005,1251,1336,12,24361,32004,25],"class_list":{"0":"post-182217","1":"post","2":"type-post","3":"status-publish","4":"format-standard","5":"has-post-thumbnail","7":"category-lille","8":"tag-actu","9":"tag-actualites","10":"tag-eu","11":"tag-europe","12":"tag-fr","13":"tag-france","14":"tag-hauts-de-france","15":"tag-juges","16":"tag-lille","17":"tag-lundi","18":"tag-manche","19":"tag-meurtrier","20":"tag-migrants","21":"tag-naufrage","22":"tag-news","23":"tag-passeurs","24":"tag-presumes","25":"tag-republique-francaise"},"share_on_mastodon":{"url":"https:\/\/pubeurope.com\/@fr\/114696172513555121","error":""},"_links":{"self":[{"href":"https:\/\/www.europesays.com\/fr\/wp-json\/wp\/v2\/posts\/182217","targetHints":{"allow":["GET"]}}],"collection":[{"href":"https:\/\/www.europesays.com\/fr\/wp-json\/wp\/v2\/posts"}],"about":[{"href":"https:\/\/www.europesays.com\/fr\/wp-json\/wp\/v2\/types\/post"}],"author":[{"embeddable":true,"href":"https:\/\/www.europesays.com\/fr\/wp-json\/wp\/v2\/users\/2"}],"replies":[{"embeddable":true,"href":"https:\/\/www.europesays.com\/fr\/wp-json\/wp\/v2\/comments?post=182217"}],"version-history":[{"count":0,"href":"https:\/\/www.europesays.com\/fr\/wp-json\/wp\/v2\/posts\/182217\/revisions"}],"wp:featuredmedia":[{"embeddable":true,"href":"https:\/\/www.europesays.com\/fr\/wp-json\/wp\/v2\/media\/182218"}],"wp:attachment":[{"href":"https:\/\/www.europesays.com\/fr\/wp-json\/wp\/v2\/media?parent=182217"}],"wp:term":[{"taxonomy":"category","embeddable":true,"href":"https:\/\/www.europesays.com\/fr\/wp-json\/wp\/v2\/categories?post=182217"},{"taxonomy":"post_tag","embeddable":true,"href":"https:\/\/www.europesays.com\/fr\/wp-json\/wp\/v2\/tags?post=182217"}],"curies":[{"name":"wp","href":"https:\/\/api.w.org\/{rel}","templated":true}]}}