{"id":182220,"date":"2025-06-17T01:45:23","date_gmt":"2025-06-17T01:45:23","guid":{"rendered":"https:\/\/www.europesays.com\/fr\/182220\/"},"modified":"2025-06-17T01:45:23","modified_gmt":"2025-06-17T01:45:23","slug":"injures-racistes-diffamation-deux-representants-dagences-a-marseille-saffrontent-en-justice","status":"publish","type":"post","link":"https:\/\/www.europesays.com\/fr\/182220\/","title":{"rendered":"\u00ab\u00a0injures racistes\u00a0\u00bb, \u00ab\u00a0diffamation\u00a0\u00bb&#8230; deux repr\u00e9sentants d&rsquo;agences \u00e0 Marseille s&rsquo;affrontent en justice"},"content":{"rendered":"<p>Ils \u00e9taient les deux meilleurs vendeurs <a href=\"https:\/\/www.laprovence.com\/article\/faits-divers-justice\/7406833971307314\/proces-de-stephane-plaza-sa-condamnation-va-peser-dans-la-negociation-des-franchises-veulent-quitter-le-reseau\" target=\"_blank\" rel=\"noopener\">du r\u00e9seau St\u00e9phane Plaza<\/a> \u00e0 Marseille. Corneille F. est \u00e0 la t\u00eate <a href=\"https:\/\/www.laprovence.com\/article\/economie\/8038672917988814\/info-la-provence-condamnation-de-stephane-plaza-une-dizaine-de-franchises-ont-quitte-le-reseau-d-agences-immobilieres\" target=\"_blank\" rel=\"noopener\">de 4 agences marseillaises<\/a> dans le centre-ville, celles des 2\u00e8me, 5\u00e8me, 6\u00e8me et 7\u00e8me arrondissements depuis bient\u00f4t 10 ans. Jean-S\u00e9bastien G. s&rsquo;est quant \u00e0 lui implant\u00e9, en tant qu&rsquo;associ\u00e9 de son \u00e9pouse, dans le 9\u00e8me, 10\u00e8me et 11\u00e8me arrondissements de Marseille depuis pr\u00e8s de 7 ans.<\/p>\n<p>Mais alors que le second vient de quitter le r\u00e9seau St\u00e9phane Plaza Immobilier depuis \u00e0 peine quelques jours, les langues se d\u00e9lient sur une rivalit\u00e9 commerciale sans limite qui oppose ces deux hommes depuis plusieurs ann\u00e9es, \u00e0 tel point qu&rsquo;un proc\u00e8s va les opposer le 2 septembre prochain devant le tribunal correctionnel de Marseille. \u00ab\u00a0Initialement, c&rsquo;\u00e9tait une guerre de territoire entre deux hommes d&rsquo;affaire puis \u00e7a a compl\u00e8tement d\u00e9g\u00e9n\u00e9r\u00e9\u00a0\u00bb, explique une source proche du dossier.<\/p>\n<p>\u00ab\u00a0Une guerre fratricide\u00a0\u00bb<\/p>\n<p>En effet, <a href=\"https:\/\/www.laprovence.com\/article\/societe\/4551520307333314\/limmobilier-restera-ma-passion-stephane-plaza-sort-du-silence-apres-sa-condamnation-pour-violences-conjugales\" target=\"_blank\" rel=\"noopener\">chaque agence St\u00e9phane Plaza<\/a> est cens\u00e9e prospecter sur un territoire attitr\u00e9 indiqu\u00e9 dans le contrat de franchise, mais l&rsquo;app\u00e2t du gain les a fait transgresser ce code de conduite.<\/p>\n<p>\u00ab\u00a0Dans les faits, personne ne respecte ces zones de chalandises, cela peut se transformer en affrontement territorial. C&rsquo;est une guerre fratricide\u00a0\u00bb, explique le directeur d&rsquo;une agence St\u00e9phane Plaza situ\u00e9 en Paca. Une opposition commerciale qui a pris \u00e0 Marseille des proportions violentes. \u00a0<\/p>\n<p>Corneille F. a d\u00e9pos\u00e9 plainte, le 9 juin 2024, pour \u00ab\u00a0injures \u00e0 caract\u00e8re raciste\u00a0\u00bb, \u00ab\u00a0diffamation priv\u00e9e\u00a0\u00bb ainsi que \u00ab\u00a0diffamation publique\u00a0\u00bb \u00e0 l&rsquo;encontre de son rival immobilier. Celui-ci a quant \u00e0 lui d\u00e9pos\u00e9 plainte pour \u00ab\u00a0diffamation\u00a0\u00bb. Dans son d\u00e9p\u00f4t de plainte du 24 octobre 2023, il reconna\u00eet toutefois de lui-m\u00eame avoir effectivement qualifi\u00e9 Corneille F. de \u00ab\u00a0Kirikou\u00a0\u00bb. Jean-S\u00e9bastien G. accuse quant \u00e0 lui son concurrent de l&rsquo;avoir trait\u00e9 de \u00ab\u00a0raciste\u00a0\u00bb notamment aupr\u00e8s de St\u00e9phane Plaza lui-m\u00eame et d&rsquo;avoir pos\u00e9 des story Facebook et Instagram dans lesquelles Corneille G d\u00e9nonce un \u00ab\u00a0confr\u00e8re raciste dans l&rsquo;immobilier\u00a0\u00bb.<\/p>\n<p>Mis au courant de l&rsquo;important litige qui oppose deux de ses repr\u00e9sentants d&rsquo;agence, <a href=\"https:\/\/www.laprovence.com\/article\/faits-divers-justice\/5222422983021514\/affaire-stephane-plaza-lanimateur-denonce-un-scandale-judiciaire-apres-sa-condamnation-pour-violences-conjugales\" target=\"_blank\" rel=\"noopener\">St\u00e9phane Plaza<\/a> avait publi\u00e9 un message sur le r\u00e9seau social de la franchise qui indiquait ne pas \u00ab\u00a0tol\u00e9rer le racisme et toute forme de mysoginie\u00a0\u00bb et que dans toutes les agences, il n&rsquo;y avait \u00ab\u00a0pas de place aux propos discriminatoires et injurieux\u00a0\u00bb. Le groupe a alors invit\u00e9 Corneille F. \u00e0 se tourner vers la justice et que des sanctions appropri\u00e9es devraient \u00eatre prises par l&rsquo;agence St\u00e9phane Plaza si les faits \u00e9taient av\u00e9r\u00e9s.\u00a0<\/p>\n<p>Contact\u00e9 par La Provence, le franchiseur St\u00e9phane Plaza Immobilier a affectivement reconnu avoir \u00e9t\u00e9 inform\u00e9 \u00ab\u00a0des accusations graves, port\u00e9es de part et d&rsquo;autre, et en particulier des accusations d&rsquo;injures racistes \u00e0 caract\u00e8re priv\u00e9, et des accusations de diffamation, de harc\u00e8lement ou encore de menaces. Nous avons toujours indiqu\u00e9 que si de tels faits \u00e9taient av\u00e9r\u00e9s, les auteurs de telles infractions verraient leur contrat de franchise r\u00e9sili\u00e9s.\u00a0\u00bb Rendez-vous est donc pris pour le 2 septembre, jour de l&rsquo;audience.\u00a0<\/p>\n<p>Cette nouvelle affaire ne devrait pas redorer l&rsquo;image du groupe St\u00e9phane Plaza Immobilier, d\u00e9j\u00e0 \u00e9corn\u00e9e par la condamnation de l&rsquo;animateur immobilier <a href=\"https:\/\/www.laprovence.com\/article\/faits-divers-justice\/7306257671679714\/proces-de-stephane-plaza-lanimateur-vedette-de-m6-condamne-a-12-mois-demprisonnement-avec-sursis\" target=\"_blank\" rel=\"noopener\">St\u00e9phane Plaza \u00e0 douze mois d&#8217;emprisonnement avec sursis<\/a> pour violences habituelles par concubin et a \u00e9galement \u00e9t\u00e9 condamn\u00e9 \u00e0 payer une contribution citoyenne de 3 000 euros pour usage de stup\u00e9fiants.\u00a0<\/p>\n","protected":false},"excerpt":{"rendered":"Ils \u00e9taient les deux meilleurs vendeurs du r\u00e9seau St\u00e9phane Plaza \u00e0 Marseille. Corneille F. est \u00e0 la t\u00eate&hellip;\n","protected":false},"author":2,"featured_media":182221,"comment_status":"","ping_status":"","sticky":false,"template":"","format":"standard","meta":{"footnotes":""},"categories":[2814],"tags":[17,1111,11,22016,1777,674,274,1011,27,22106,884,12,32007,882,32008,32009,25,2421,32006],"class_list":{"0":"post-182220","1":"post","2":"type-post","3":"status-publish","4":"format-standard","5":"has-post-thumbnail","7":"category-marseille","8":"tag-17","9":"tag-actu","10":"tag-actualites","11":"tag-diffamation","12":"tag-eu","13":"tag-europe","14":"tag-faits-divers-justice","15":"tag-fr","16":"tag-france","17":"tag-injures","18":"tag-marseille","19":"tag-news","20":"tag-plaza","21":"tag-provence-alpes-cote-dazur","22":"tag-racistes","23":"tag-representants","24":"tag-republique-francaise","25":"tag-reseau","26":"tag-stephane"},"share_on_mastodon":{"url":"https:\/\/pubeurope.com\/@fr\/114696181181112819","error":""},"_links":{"self":[{"href":"https:\/\/www.europesays.com\/fr\/wp-json\/wp\/v2\/posts\/182220","targetHints":{"allow":["GET"]}}],"collection":[{"href":"https:\/\/www.europesays.com\/fr\/wp-json\/wp\/v2\/posts"}],"about":[{"href":"https:\/\/www.europesays.com\/fr\/wp-json\/wp\/v2\/types\/post"}],"author":[{"embeddable":true,"href":"https:\/\/www.europesays.com\/fr\/wp-json\/wp\/v2\/users\/2"}],"replies":[{"embeddable":true,"href":"https:\/\/www.europesays.com\/fr\/wp-json\/wp\/v2\/comments?post=182220"}],"version-history":[{"count":0,"href":"https:\/\/www.europesays.com\/fr\/wp-json\/wp\/v2\/posts\/182220\/revisions"}],"wp:featuredmedia":[{"embeddable":true,"href":"https:\/\/www.europesays.com\/fr\/wp-json\/wp\/v2\/media\/182221"}],"wp:attachment":[{"href":"https:\/\/www.europesays.com\/fr\/wp-json\/wp\/v2\/media?parent=182220"}],"wp:term":[{"taxonomy":"category","embeddable":true,"href":"https:\/\/www.europesays.com\/fr\/wp-json\/wp\/v2\/categories?post=182220"},{"taxonomy":"post_tag","embeddable":true,"href":"https:\/\/www.europesays.com\/fr\/wp-json\/wp\/v2\/tags?post=182220"}],"curies":[{"name":"wp","href":"https:\/\/api.w.org\/{rel}","templated":true}]}}