{"id":182228,"date":"2025-06-17T01:51:14","date_gmt":"2025-06-17T01:51:14","guid":{"rendered":"https:\/\/www.europesays.com\/fr\/182228\/"},"modified":"2025-06-17T01:51:14","modified_gmt":"2025-06-17T01:51:14","slug":"le-regime-iranien-capitalise-sur-le-caractere-dysfonctionnel-de-lopposition","status":"publish","type":"post","link":"https:\/\/www.europesays.com\/fr\/182228\/","title":{"rendered":"\u00abLe r\u00e9gime iranien capitalise sur le caract\u00e8re dysfonctionnel de l\u2019opposition\u00bb"},"content":{"rendered":"<p><strong>ENTRETIEN<\/strong> &#8211; L\u2019offensive men\u00e9e par Isra\u00ebl sur le sol iranien fait trembler la R\u00e9publique islamique. Au pouvoir depuis 1989, l\u2019ayatollah Khamenei n\u2019a jamais paru aussi affaibli.<\/p>\n<p class=\"fig-paragraph\">Docteur en Science politique, David Rigoulet-Roze est chercheur associ\u00e9 \u00e0 l\u2019IRIS. La fragilisation du r\u00e9gime iranien, alors qu\u2019il n\u2019existe pas d\u2019opposition structur\u00e9e en Iran et que celle existant au sein de la diaspora est divis\u00e9e, pourrait \u00abamener un basculement radical\u00bb, pr\u00e9vient l\u2019expert.<\/p>\n<p class=\"fig-paragraph\"><strong>LE FIGARO.- Quelle est la situation de l\u2019opposition au r\u00e9gime iranien\u00a0?\u00a0<\/strong><\/p>\n<p class=\"fig-paragraph\"><strong>David RIGOULET-ROZE.- <\/strong>Il y a tout d\u2019abord une opposition soci\u00e9tale au sein de l\u2019Iran, qui est largement l\u2019apanage de la \u00abg\u00e9n\u00e9ration Z\u00bb [la g\u00e9n\u00e9ration n\u00e9e entre la fin des ann\u00e9es 90 et le d\u00e9but des ann\u00e9es 2000, NDLR]. Elle s\u2019incarne dans le refus des prescriptions du r\u00e9gime, notamment sur le voile. C\u2019est une opposition que l\u2019on pourrait qualifier d\u2019\u00abactivement passive\u00bb, car elle est tr\u00e8s diffuse, mais n\u2019est pas structur\u00e9e. Une grande partie de la soci\u00e9t\u00e9 iranienne se retrouve dans ce mouvement de<a href=\"http:\/\/www.lefigaro.fr\/international\/iran-le-nouveau-president-promet-d-empecher-la-police-des-moeurs-de-deranger-les-femmes-20240916\" target=\"_blank\" data-fig-type=\"NewsFlash\" rel=\"noopener\" data-gtm-custom-categorie=\"navigation\" data-gtm-custom-action=\"crossclick\" data-gtm-custom-label=\"Contextuel\" data-gtm-event=\"customEventSPE\" data-fig-domain=\"LEFIGARO\">\u00a0lib\u00e9ralisation des m\u0153urs<\/a>, qui se manifeste par une d\u00e9testation du clerg\u00e9. En t\u00e9moigne le jeu du \u00abjet\u00e9 de turban\u00bb dans les rues, qui\u2026<\/p>\n<p class=\"fig-premium-paywall__infos\">\n        Cet article est r\u00e9serv\u00e9 aux abonn\u00e9s.        Il vous reste 86% \u00e0 d\u00e9couvrir.\n    <\/p>\n<p>                <img  data- alt=\"Le Figaro\" class=\"fig-img--complete fig-img\"\/><\/p>\n<p class=\"fig-premium-paywall__title\">Vente Flash<\/p>\n<p class=\"fig-premium-paywall__subtitle\">3,99\u20ac par mois pendant 12 mois. Sans engagement.<\/p>\n<p class=\"fig-premium-paywall__connect\">\n                D\u00e9j\u00e0 abonn\u00e9\u00a0?                <a class=\"fig-premium-paywall__connect-link\" href=\"https:\/\/connect.lefigaro.fr\/login?client=horizon_web&amp;type=main&amp;redirect_uri=https%3A%2F%2Fwww.lefigaro.fr%2Finternational%2Fdavid-rigoulet-roze-le-regime-iranien-capitalise-sur-le-caractere-dysfonctionnel-de-l-opposition-20250616\" data-js-gtm=\"{&quot;customCategorie&quot;: &quot;conversion&quot;, &quot;customAction&quot;: &quot;before_Landing_Connexion_paywall_auto&quot;, &quot;customLabel&quot;: &quot;bGVmaWdhcm8uZnJfXzFmMDRhYmU0LTk1OWQtNjNjMC05ZDJkLTI3NWVmOWEyNDI0MF9fQXJ0aWNsZQ==_David Rigoulet-Roze\u00a0: \u00abLe r\u00e9gime iranien capitalise sur le caract\u00e8re dysfonctionnel de l\u2019opposition\u00bb_630&quot;, &quot;customIDSPE&quot;: &quot;bGVmaWdhcm8uZnJfXzFmMDRhYmU0LTk1OWQtNjNjMC05ZDJkLTI3NWVmOWEyNDI0MF9fQXJ0aWNsZQ==&quot;, &quot;event&quot;: &quot;customEventSPE&quot;}\" target=\"_blank\" rel=\"noopener\"><br \/>\n                    Connectez-vous<br \/>\n                <\/a>\n            <\/p>\n","protected":false},"excerpt":{"rendered":"ENTRETIEN &#8211; L\u2019offensive men\u00e9e par Isra\u00ebl sur le sol iranien fait trembler la R\u00e9publique islamique. Au pouvoir depuis&hellip;\n","protected":false},"author":2,"featured_media":182229,"comment_status":"","ping_status":"","sticky":false,"template":"","format":"standard","meta":{"footnotes":""},"categories":[1888],"tags":[1111,1928,259,11,1927,260,22405,1777,674,1011,27,14,3019,261,12,1926,626,1925,262,25],"class_list":{"0":"post-182228","1":"post","2":"type-post","3":"status-publish","4":"format-standard","5":"has-post-thumbnail","7":"category-paris","8":"tag-actu","9":"tag-actu-paris","10":"tag-actualite-internationale","11":"tag-actualites","12":"tag-actualites-paris","13":"tag-affaires-etrangeres","14":"tag-ali-khamenei","15":"tag-eu","16":"tag-europe","17":"tag-fr","18":"tag-france","19":"tag-international","20":"tag-iran","21":"tag-ministere-des-affaires-etrangeres","22":"tag-news","23":"tag-news-paris","24":"tag-paris","25":"tag-paris-news","26":"tag-politique-etrangere","27":"tag-republique-francaise"},"share_on_mastodon":{"url":"https:\/\/pubeurope.com\/@fr\/114696204129284873","error":""},"_links":{"self":[{"href":"https:\/\/www.europesays.com\/fr\/wp-json\/wp\/v2\/posts\/182228","targetHints":{"allow":["GET"]}}],"collection":[{"href":"https:\/\/www.europesays.com\/fr\/wp-json\/wp\/v2\/posts"}],"about":[{"href":"https:\/\/www.europesays.com\/fr\/wp-json\/wp\/v2\/types\/post"}],"author":[{"embeddable":true,"href":"https:\/\/www.europesays.com\/fr\/wp-json\/wp\/v2\/users\/2"}],"replies":[{"embeddable":true,"href":"https:\/\/www.europesays.com\/fr\/wp-json\/wp\/v2\/comments?post=182228"}],"version-history":[{"count":0,"href":"https:\/\/www.europesays.com\/fr\/wp-json\/wp\/v2\/posts\/182228\/revisions"}],"wp:featuredmedia":[{"embeddable":true,"href":"https:\/\/www.europesays.com\/fr\/wp-json\/wp\/v2\/media\/182229"}],"wp:attachment":[{"href":"https:\/\/www.europesays.com\/fr\/wp-json\/wp\/v2\/media?parent=182228"}],"wp:term":[{"taxonomy":"category","embeddable":true,"href":"https:\/\/www.europesays.com\/fr\/wp-json\/wp\/v2\/categories?post=182228"},{"taxonomy":"post_tag","embeddable":true,"href":"https:\/\/www.europesays.com\/fr\/wp-json\/wp\/v2\/tags?post=182228"}],"curies":[{"name":"wp","href":"https:\/\/api.w.org\/{rel}","templated":true}]}}